{"id":1131,"date":"2023-12-21T12:00:36","date_gmt":"2023-12-21T16:00:36","guid":{"rendered":"https:\/\/www.inclusionnb.ca\/?p=1131"},"modified":"2023-12-21T14:38:15","modified_gmt":"2023-12-21T18:38:15","slug":"jake-reid-se-joint-a-inclusion-nb-a-titre-de-nouveau-directeur-general","status":"publish","type":"post","link":"https:\/\/www.inclusionnb.ca\/fr\/jake-reid-se-joint-a-inclusion-nb-a-titre-de-nouveau-directeur-general\/","title":{"rendered":"Jake Reid se joint \u00e0 Inclusion NB \u00e0 titre de nouveau directeur g\u00e9n\u00e9ral"},"content":{"rendered":"<p><div class=\"fusion-fullwidth fullwidth-box fusion-builder-row-1 fusion-flex-container nonhundred-percent-fullwidth non-hundred-percent-height-scrolling\" style=\"--awb-border-radius-top-left:0px;--awb-border-radius-top-right:0px;--awb-border-radius-bottom-right:0px;--awb-border-radius-bottom-left:0px;--awb-flex-wrap:wrap;\" ><div class=\"fusion-builder-row fusion-row fusion-flex-align-items-flex-start fusion-flex-content-wrap\" style=\"max-width:1248px;margin-left: calc(-4% \/ 2 );margin-right: calc(-4% \/ 2 );\"><div class=\"fusion-layout-column fusion_builder_column fusion-builder-column-0 fusion_builder_column_1_1 1_1 fusion-flex-column\" style=\"--awb-bg-blend:overlay;--awb-bg-size:cover;--awb-width-large:100%;--awb-margin-top-large:0px;--awb-spacing-right-large:1.92%;--awb-margin-bottom-large:0px;--awb-spacing-left-large:1.92%;--awb-width-medium:100%;--awb-spacing-right-medium:1.92%;--awb-spacing-left-medium:1.92%;--awb-width-small:100%;--awb-spacing-right-small:1.92%;--awb-spacing-left-small:1.92%;\"><div class=\"fusion-column-wrapper fusion-flex-justify-content-flex-start fusion-content-layout-column\"><div class=\"fusion-text fusion-text-1\"><h2><span class=\"TextRun SCXW253340627 BCX0\" lang=\"EN-US\" xml:lang=\"EN-US\" data-contrast=\"auto\"><span class=\"NormalTextRun SCXW253340627 BCX0\">Jake R<\/span><span class=\"NormalTextRun SCXW253340627 BCX0\">ei<\/span><span class=\"NormalTextRun SCXW253340627 BCX0\">d<\/span> s<span class=\"NormalTextRun SCXW253340627 BCX0\">e joint \u00e0 Inclusion NB \u00e0 titre de nouveau<\/span> <span class=\"NormalTextRun SCXW253340627 BCX0\">directeur g\u00e9n\u00e9ral<\/span><\/span><\/h2>\n<p class=\"p1\"><span class=\"TextRun Highlight SCXW7935781 BCX0\" lang=\"EN-US\" xml:lang=\"EN-US\" data-contrast=\"auto\"><span class=\"NormalTextRun SCXW7935781 BCX0\">Le 21 d\u00e9cembre 2023<\/span><\/span><\/p>\n<p><span data-contrast=\"auto\">Fredericton (N.-B.) \u2014 Le conseil d\u2019administration d\u2019Inclusion NB est ravi d\u2019annoncer que Jake Reid se joindra \u00e0 l\u2019organisme \u00e0 titre de directeur g\u00e9n\u00e9ral \u00e0 compter du 10 janvier 2024.<\/span><\/p>\n<p><span data-contrast=\"auto\">\u00ab Jake est un cadre sup\u00e9rieur respect\u00e9 dans le secteur des organismes sans but lucratif, a affirm\u00e9 Dianne Cormier Northrup, pr\u00e9sidente int\u00e9rimaire du conseil d\u2019administration Nous serons bien servis par son exp\u00e9rience et sa passion pour la d\u00e9fense des droits. Jake est absolument d\u00e9termin\u00e9 \u00e0 faire progresser le mouvement d\u2019inclusion au Nouveau-Brunswick. \u00bb<\/span><\/p>\n<p><span data-contrast=\"auto\">M. Reid a occup\u00e9 des postes de direction en plus d\u2019avoir \u00e9t\u00e9 directeur g\u00e9n\u00e9ral de l\u2019Association des pharmaciens du Nouveau-Brunswick, directeur national des relations gouvernementales de Diab\u00e8te Canada et directeur g\u00e9n\u00e9ral de Timbres de P\u00e2ques Nouveau-Brunswick. <\/span><\/p>\n<p><span data-contrast=\"auto\">Un comit\u00e9 de recherche a \u00e9t\u00e9 form\u00e9 \u00e0 la fin de l\u2019\u00e9t\u00e9 dernier \u00e0 la suite du d\u00e9part de Sarah Wagner, qui s\u2019est jointe au bureau du D\u00e9fenseur des enfants, des jeunes et des a\u00een\u00e9s du Nouveau-Brunswick.<\/span><\/p>\n<p><span data-contrast=\"auto\">\u00ab Le poste a suscit\u00e9 un vif int\u00e9r\u00eat et nous avons re\u00e7u plus de 100 candidatures, a mentionn\u00e9 Dianne Cormier Northup en raison de la port\u00e9e et des efforts de notre \u00e9quipe d\u00e9vou\u00e9e de plus de 65 professionnelles et professionnels \u00e0 l\u2019\u00e9chelle de la province qui appuient les personnes ayant une d\u00e9ficience intellectuelle ou d\u00e9veloppementale et leur famille. Notre travail de cr\u00e9ation de possibilit\u00e9s et de renforcement des capacit\u00e9s n\u2019a jamais \u00e9t\u00e9 aussi important, et nous savons que Jake nous guidera vers le prochain chapitre de notre mouvement. \u00bb<\/span><\/p>\n<p><span data-contrast=\"auto\">Jake poss\u00e8de une vaste exp\u00e9rience des relations gouvernementales, de la direction g\u00e9n\u00e9rale et de l\u2019\u00e9laboration de politiques. Il a \u00e9t\u00e9 membre de plusieurs comit\u00e9s et groupes consultatifs gouvernementaux, pr\u00e9sent\u00e9 des propositions pr\u00e9budg\u00e9taires, fait des expos\u00e9s devant des responsables \u00e9lus et non \u00e9lus du secteur de la sant\u00e9 et organis\u00e9 des discussions, des sommets et des tables rondes sur les politiques de la sant\u00e9.<\/span><\/p>\n<p><span data-contrast=\"auto\">Jake est titulaire d\u2019une ma\u00eetrise en administration des affaires et d\u2019un baccalaur\u00e9at en activit\u00e9s r\u00e9cr\u00e9atives et de loisir de l\u2019Universit\u00e9 du Nouveau-Brunswick, \u00e0 Fredericton. B\u00e9n\u00e9vole engag\u00e9, il met son temps et son talent au service de plusieurs organismes sans but lucratif dans la r\u00e9gion de Fredericton, o\u00f9 il r\u00e9side.<\/span><\/p>\n<\/div><div class=\"fusion-separator fusion-full-width-sep\" style=\"align-self: center;margin-left: auto;margin-right: auto;width:100%;\"><div class=\"fusion-separator-border sep-double\" style=\"--awb-height:20px;--awb-amount:20px;--awb-sep-color:var(--awb-color5);border-color:var(--awb-color5);border-top-width:6px;border-bottom-width:6px;\"><\/div><\/div><\/div><\/div><\/div><\/div><div class=\"fusion-fullwidth fullwidth-box fusion-builder-row-2 fusion-flex-container has-pattern-background has-mask-background nonhundred-percent-fullwidth non-hundred-percent-height-scrolling\" style=\"--awb-border-radius-top-left:0px;--awb-border-radius-top-right:0px;--awb-border-radius-bottom-right:0px;--awb-border-radius-bottom-left:0px;--awb-padding-top:23px;--awb-margin-bottom:28px;--awb-flex-wrap:wrap;\" ><div class=\"fusion-builder-row fusion-row fusion-flex-align-items-flex-start fusion-flex-content-wrap\" style=\"max-width:1248px;margin-left: calc(-4% \/ 2 );margin-right: calc(-4% \/ 2 );\"><div class=\"fusion-layout-column fusion_builder_column fusion-builder-column-1 fusion_builder_column_1_1 1_1 fusion-flex-column\" style=\"--awb-padding-top:18px;--awb-bg-size:cover;--awb-width-large:100%;--awb-margin-top-large:0px;--awb-spacing-right-large:1.92%;--awb-margin-bottom-large:20px;--awb-spacing-left-large:1.92%;--awb-width-medium:100%;--awb-order-medium:0;--awb-spacing-right-medium:1.92%;--awb-spacing-left-medium:1.92%;--awb-width-small:100%;--awb-order-small:0;--awb-spacing-right-small:1.92%;--awb-spacing-left-small:1.92%;\"><div class=\"fusion-column-wrapper fusion-column-has-shadow fusion-flex-justify-content-flex-start fusion-content-layout-column\"><div style=\"text-align:left;\"><a class=\"fusion-button button-flat fusion-button-default-size button-default fusion-button-default button-1 fusion-button-default-span fusion-button-default-type\" target=\"_self\" href=\"https:\/\/www.inclusionnb.ca\/fr\/notre-mouvement\/\"><i class=\"fa-book-open fas awb-button__icon awb-button__icon--default button-icon-left\" aria-hidden=\"true\"><\/i><span class=\"fusion-button-text awb-button__text awb-button__text--default\">Retourner au blog<\/span><\/a><\/div><\/div><\/div><\/div><\/div><\/p>\n","protected":false},"excerpt":{"rendered":"","protected":false},"author":2,"featured_media":1137,"comment_status":"open","ping_status":"open","sticky":false,"template":"","format":"standard","meta":{"_monsterinsights_skip_tracking":false,"_monsterinsights_sitenote_active":false,"_monsterinsights_sitenote_note":"","_monsterinsights_sitenote_category":0,"footnotes":""},"categories":[14],"tags":[],"class_list":["post-1131","post","type-post","status-publish","format-standard","has-post-thumbnail","hentry","category-non-classifiee"],"yoast_head":"<!-- This site is optimized with the Yoast SEO plugin v27.5 - https:\/\/yoast.com\/product\/yoast-seo-wordpress\/ -->\n<title>Jake Reid se joint \u00e0 Inclusion NB \u00e0 titre de nouveau directeur g\u00e9n\u00e9ral - Inclusion NB<\/title>\n<meta name=\"robots\" content=\"index, follow, max-snippet:-1, max-image-preview:large, max-video-preview:-1\" \/>\n<link rel=\"canonical\" href=\"https:\/\/www.inclusionnb.ca\/fr\/jake-reid-se-joint-a-inclusion-nb-a-titre-de-nouveau-directeur-general\/\" \/>\n<meta property=\"og:locale\" content=\"fr_FR\" \/>\n<meta property=\"og:type\" content=\"article\" \/>\n<meta property=\"og:title\" content=\"Jake Reid se joint \u00e0 Inclusion NB \u00e0 titre de nouveau directeur g\u00e9n\u00e9ral - Inclusion NB\" \/>\n<meta property=\"og:url\" content=\"https:\/\/www.inclusionnb.ca\/fr\/jake-reid-se-joint-a-inclusion-nb-a-titre-de-nouveau-directeur-general\/\" \/>\n<meta property=\"og:site_name\" content=\"Inclusion NB\" \/>\n<meta property=\"article:publisher\" content=\"http:\/\/facebook.com\/inclusionnb\" \/>\n<meta property=\"article:published_time\" content=\"2023-12-21T16:00:36+00:00\" \/>\n<meta property=\"article:modified_time\" content=\"2023-12-21T18:38:15+00:00\" \/>\n<meta property=\"og:image\" content=\"https:\/\/www.inclusionnb.ca\/wp-content\/uploads\/2023\/12\/Jake-Reid_Blog-Post.png\" \/>\n\t<meta property=\"og:image:width\" content=\"900\" \/>\n\t<meta property=\"og:image:height\" content=\"600\" \/>\n\t<meta property=\"og:image:type\" content=\"image\/png\" \/>\n<meta name=\"author\" content=\"Ariel Dillon\" \/>\n<meta name=\"twitter:card\" content=\"summary_large_image\" \/>\n<meta name=\"twitter:creator\" content=\"@InclusionNB\" \/>\n<meta name=\"twitter:site\" content=\"@InclusionNB\" \/>\n<meta name=\"twitter:label1\" content=\"Written by\" \/>\n\t<meta name=\"twitter:data1\" content=\"Ariel Dillon\" \/>\n\t<meta name=\"twitter:label2\" content=\"Est. reading time\" \/>\n\t<meta name=\"twitter:data2\" content=\"4 minutes\" \/>\n<script type=\"application\/ld+json\" class=\"yoast-schema-graph\">{\"@context\":\"https:\\\/\\\/schema.org\",\"@graph\":[{\"@type\":\"Article\",\"@id\":\"https:\\\/\\\/www.inclusionnb.ca\\\/fr\\\/jake-reid-se-joint-a-inclusion-nb-a-titre-de-nouveau-directeur-general\\\/#article\",\"isPartOf\":{\"@id\":\"https:\\\/\\\/www.inclusionnb.ca\\\/fr\\\/jake-reid-se-joint-a-inclusion-nb-a-titre-de-nouveau-directeur-general\\\/\"},\"author\":{\"name\":\"Ariel Dillon\",\"@id\":\"https:\\\/\\\/www.inclusionnb.ca\\\/fr\\\/#\\\/schema\\\/person\\\/270b5c0a3bee7cbeab6edae4c4dfb3c1\"},\"headline\":\"Jake Reid se joint \u00e0 Inclusion NB \u00e0 titre de nouveau directeur g\u00e9n\u00e9ral\",\"datePublished\":\"2023-12-21T16:00:36+00:00\",\"dateModified\":\"2023-12-21T18:38:15+00:00\",\"mainEntityOfPage\":{\"@id\":\"https:\\\/\\\/www.inclusionnb.ca\\\/fr\\\/jake-reid-se-joint-a-inclusion-nb-a-titre-de-nouveau-directeur-general\\\/\"},\"wordCount\":1285,\"commentCount\":0,\"publisher\":{\"@id\":\"https:\\\/\\\/www.inclusionnb.ca\\\/fr\\\/#organization\"},\"image\":{\"@id\":\"https:\\\/\\\/www.inclusionnb.ca\\\/fr\\\/jake-reid-se-joint-a-inclusion-nb-a-titre-de-nouveau-directeur-general\\\/#primaryimage\"},\"thumbnailUrl\":\"https:\\\/\\\/www.inclusionnb.ca\\\/wp-content\\\/uploads\\\/2023\\\/12\\\/Jake-Reid_Blog-Post.png\",\"articleSection\":[\"Non classifi\u00e9(e)\"],\"inLanguage\":\"fr-FR\",\"potentialAction\":[{\"@type\":\"CommentAction\",\"name\":\"Comment\",\"target\":[\"https:\\\/\\\/www.inclusionnb.ca\\\/fr\\\/jake-reid-se-joint-a-inclusion-nb-a-titre-de-nouveau-directeur-general\\\/#respond\"]}]},{\"@type\":\"WebPage\",\"@id\":\"https:\\\/\\\/www.inclusionnb.ca\\\/fr\\\/jake-reid-se-joint-a-inclusion-nb-a-titre-de-nouveau-directeur-general\\\/\",\"url\":\"https:\\\/\\\/www.inclusionnb.ca\\\/fr\\\/jake-reid-se-joint-a-inclusion-nb-a-titre-de-nouveau-directeur-general\\\/\",\"name\":\"Jake Reid se joint \u00e0 Inclusion NB \u00e0 titre de nouveau directeur g\u00e9n\u00e9ral - Inclusion NB\",\"isPartOf\":{\"@id\":\"https:\\\/\\\/www.inclusionnb.ca\\\/fr\\\/#website\"},\"primaryImageOfPage\":{\"@id\":\"https:\\\/\\\/www.inclusionnb.ca\\\/fr\\\/jake-reid-se-joint-a-inclusion-nb-a-titre-de-nouveau-directeur-general\\\/#primaryimage\"},\"image\":{\"@id\":\"https:\\\/\\\/www.inclusionnb.ca\\\/fr\\\/jake-reid-se-joint-a-inclusion-nb-a-titre-de-nouveau-directeur-general\\\/#primaryimage\"},\"thumbnailUrl\":\"https:\\\/\\\/www.inclusionnb.ca\\\/wp-content\\\/uploads\\\/2023\\\/12\\\/Jake-Reid_Blog-Post.png\",\"datePublished\":\"2023-12-21T16:00:36+00:00\",\"dateModified\":\"2023-12-21T18:38:15+00:00\",\"breadcrumb\":{\"@id\":\"https:\\\/\\\/www.inclusionnb.ca\\\/fr\\\/jake-reid-se-joint-a-inclusion-nb-a-titre-de-nouveau-directeur-general\\\/#breadcrumb\"},\"inLanguage\":\"fr-FR\",\"potentialAction\":[{\"@type\":\"ReadAction\",\"target\":[\"https:\\\/\\\/www.inclusionnb.ca\\\/fr\\\/jake-reid-se-joint-a-inclusion-nb-a-titre-de-nouveau-directeur-general\\\/\"]}]},{\"@type\":\"ImageObject\",\"inLanguage\":\"fr-FR\",\"@id\":\"https:\\\/\\\/www.inclusionnb.ca\\\/fr\\\/jake-reid-se-joint-a-inclusion-nb-a-titre-de-nouveau-directeur-general\\\/#primaryimage\",\"url\":\"https:\\\/\\\/www.inclusionnb.ca\\\/wp-content\\\/uploads\\\/2023\\\/12\\\/Jake-Reid_Blog-Post.png\",\"contentUrl\":\"https:\\\/\\\/www.inclusionnb.ca\\\/wp-content\\\/uploads\\\/2023\\\/12\\\/Jake-Reid_Blog-Post.png\",\"width\":900,\"height\":600},{\"@type\":\"BreadcrumbList\",\"@id\":\"https:\\\/\\\/www.inclusionnb.ca\\\/fr\\\/jake-reid-se-joint-a-inclusion-nb-a-titre-de-nouveau-directeur-general\\\/#breadcrumb\",\"itemListElement\":[{\"@type\":\"ListItem\",\"position\":1,\"name\":\"Home\",\"item\":\"https:\\\/\\\/www.inclusionnb.ca\\\/fr\\\/\"},{\"@type\":\"ListItem\",\"position\":2,\"name\":\"Jake Reid se joint \u00e0 Inclusion NB \u00e0 titre de nouveau directeur g\u00e9n\u00e9ral\"}]},{\"@type\":\"WebSite\",\"@id\":\"https:\\\/\\\/www.inclusionnb.ca\\\/fr\\\/#website\",\"url\":\"https:\\\/\\\/www.inclusionnb.ca\\\/fr\\\/\",\"name\":\"Inclusion NB\",\"description\":\"Creating opportunities for people with an intellectual or developmental disability.\",\"publisher\":{\"@id\":\"https:\\\/\\\/www.inclusionnb.ca\\\/fr\\\/#organization\"},\"potentialAction\":[{\"@type\":\"SearchAction\",\"target\":{\"@type\":\"EntryPoint\",\"urlTemplate\":\"https:\\\/\\\/www.inclusionnb.ca\\\/fr\\\/?s={search_term_string}\"},\"query-input\":{\"@type\":\"PropertyValueSpecification\",\"valueRequired\":true,\"valueName\":\"search_term_string\"}}],\"inLanguage\":\"fr-FR\"},{\"@type\":\"Organization\",\"@id\":\"https:\\\/\\\/www.inclusionnb.ca\\\/fr\\\/#organization\",\"name\":\"Inclusion NB\",\"url\":\"https:\\\/\\\/www.inclusionnb.ca\\\/fr\\\/\",\"logo\":{\"@type\":\"ImageObject\",\"inLanguage\":\"fr-FR\",\"@id\":\"https:\\\/\\\/www.inclusionnb.ca\\\/fr\\\/#\\\/schema\\\/logo\\\/image\\\/\",\"url\":\"https:\\\/\\\/www.inclusionnb.ca\\\/wp-content\\\/uploads\\\/2023\\\/05\\\/InclusionNB-logo.svg\",\"contentUrl\":\"https:\\\/\\\/www.inclusionnb.ca\\\/wp-content\\\/uploads\\\/2023\\\/05\\\/InclusionNB-logo.svg\",\"width\":215,\"height\":44,\"caption\":\"Inclusion NB\"},\"image\":{\"@id\":\"https:\\\/\\\/www.inclusionnb.ca\\\/fr\\\/#\\\/schema\\\/logo\\\/image\\\/\"},\"sameAs\":[\"http:\\\/\\\/facebook.com\\\/inclusionnb\",\"https:\\\/\\\/x.com\\\/InclusionNB\",\"https:\\\/\\\/www.instagram.com\\\/inclusionnb\\\/\",\"https:\\\/\\\/www.linkedin.com\\\/company\\\/inclusionnb\"]},{\"@type\":\"Person\",\"@id\":\"https:\\\/\\\/www.inclusionnb.ca\\\/fr\\\/#\\\/schema\\\/person\\\/270b5c0a3bee7cbeab6edae4c4dfb3c1\",\"name\":\"Ariel Dillon\",\"image\":{\"@type\":\"ImageObject\",\"inLanguage\":\"fr-FR\",\"@id\":\"https:\\\/\\\/secure.gravatar.com\\\/avatar\\\/a5773216f1f97887273985da66b978637b977601e483de650568f6c5e2625241?s=96&d=mm&r=g\",\"url\":\"https:\\\/\\\/secure.gravatar.com\\\/avatar\\\/a5773216f1f97887273985da66b978637b977601e483de650568f6c5e2625241?s=96&d=mm&r=g\",\"contentUrl\":\"https:\\\/\\\/secure.gravatar.com\\\/avatar\\\/a5773216f1f97887273985da66b978637b977601e483de650568f6c5e2625241?s=96&d=mm&r=g\",\"caption\":\"Ariel Dillon\"},\"url\":\"https:\\\/\\\/www.inclusionnb.ca\\\/fr\\\/author\\\/adillon\\\/\"}]}<\/script>\n<!-- \/ Yoast SEO plugin. -->","yoast_head_json":{"title":"Jake Reid se joint \u00e0 Inclusion NB \u00e0 titre de nouveau directeur g\u00e9n\u00e9ral - Inclusion NB","robots":{"index":"index","follow":"follow","max-snippet":"max-snippet:-1","max-image-preview":"max-image-preview:large","max-video-preview":"max-video-preview:-1"},"canonical":"https:\/\/www.inclusionnb.ca\/fr\/jake-reid-se-joint-a-inclusion-nb-a-titre-de-nouveau-directeur-general\/","og_locale":"fr_FR","og_type":"article","og_title":"Jake Reid se joint \u00e0 Inclusion NB \u00e0 titre de nouveau directeur g\u00e9n\u00e9ral - Inclusion NB","og_url":"https:\/\/www.inclusionnb.ca\/fr\/jake-reid-se-joint-a-inclusion-nb-a-titre-de-nouveau-directeur-general\/","og_site_name":"Inclusion NB","article_publisher":"http:\/\/facebook.com\/inclusionnb","article_published_time":"2023-12-21T16:00:36+00:00","article_modified_time":"2023-12-21T18:38:15+00:00","og_image":[{"width":900,"height":600,"url":"https:\/\/www.inclusionnb.ca\/wp-content\/uploads\/2023\/12\/Jake-Reid_Blog-Post.png","type":"image\/png"}],"author":"Ariel Dillon","twitter_card":"summary_large_image","twitter_creator":"@InclusionNB","twitter_site":"@InclusionNB","twitter_misc":{"Written by":"Ariel Dillon","Est. reading time":"4 minutes"},"schema":{"@context":"https:\/\/schema.org","@graph":[{"@type":"Article","@id":"https:\/\/www.inclusionnb.ca\/fr\/jake-reid-se-joint-a-inclusion-nb-a-titre-de-nouveau-directeur-general\/#article","isPartOf":{"@id":"https:\/\/www.inclusionnb.ca\/fr\/jake-reid-se-joint-a-inclusion-nb-a-titre-de-nouveau-directeur-general\/"},"author":{"name":"Ariel Dillon","@id":"https:\/\/www.inclusionnb.ca\/fr\/#\/schema\/person\/270b5c0a3bee7cbeab6edae4c4dfb3c1"},"headline":"Jake Reid se joint \u00e0 Inclusion NB \u00e0 titre de nouveau directeur g\u00e9n\u00e9ral","datePublished":"2023-12-21T16:00:36+00:00","dateModified":"2023-12-21T18:38:15+00:00","mainEntityOfPage":{"@id":"https:\/\/www.inclusionnb.ca\/fr\/jake-reid-se-joint-a-inclusion-nb-a-titre-de-nouveau-directeur-general\/"},"wordCount":1285,"commentCount":0,"publisher":{"@id":"https:\/\/www.inclusionnb.ca\/fr\/#organization"},"image":{"@id":"https:\/\/www.inclusionnb.ca\/fr\/jake-reid-se-joint-a-inclusion-nb-a-titre-de-nouveau-directeur-general\/#primaryimage"},"thumbnailUrl":"https:\/\/www.inclusionnb.ca\/wp-content\/uploads\/2023\/12\/Jake-Reid_Blog-Post.png","articleSection":["Non classifi\u00e9(e)"],"inLanguage":"fr-FR","potentialAction":[{"@type":"CommentAction","name":"Comment","target":["https:\/\/www.inclusionnb.ca\/fr\/jake-reid-se-joint-a-inclusion-nb-a-titre-de-nouveau-directeur-general\/#respond"]}]},{"@type":"WebPage","@id":"https:\/\/www.inclusionnb.ca\/fr\/jake-reid-se-joint-a-inclusion-nb-a-titre-de-nouveau-directeur-general\/","url":"https:\/\/www.inclusionnb.ca\/fr\/jake-reid-se-joint-a-inclusion-nb-a-titre-de-nouveau-directeur-general\/","name":"Jake Reid se joint \u00e0 Inclusion NB \u00e0 titre de nouveau directeur g\u00e9n\u00e9ral - Inclusion NB","isPartOf":{"@id":"https:\/\/www.inclusionnb.ca\/fr\/#website"},"primaryImageOfPage":{"@id":"https:\/\/www.inclusionnb.ca\/fr\/jake-reid-se-joint-a-inclusion-nb-a-titre-de-nouveau-directeur-general\/#primaryimage"},"image":{"@id":"https:\/\/www.inclusionnb.ca\/fr\/jake-reid-se-joint-a-inclusion-nb-a-titre-de-nouveau-directeur-general\/#primaryimage"},"thumbnailUrl":"https:\/\/www.inclusionnb.ca\/wp-content\/uploads\/2023\/12\/Jake-Reid_Blog-Post.png","datePublished":"2023-12-21T16:00:36+00:00","dateModified":"2023-12-21T18:38:15+00:00","breadcrumb":{"@id":"https:\/\/www.inclusionnb.ca\/fr\/jake-reid-se-joint-a-inclusion-nb-a-titre-de-nouveau-directeur-general\/#breadcrumb"},"inLanguage":"fr-FR","potentialAction":[{"@type":"ReadAction","target":["https:\/\/www.inclusionnb.ca\/fr\/jake-reid-se-joint-a-inclusion-nb-a-titre-de-nouveau-directeur-general\/"]}]},{"@type":"ImageObject","inLanguage":"fr-FR","@id":"https:\/\/www.inclusionnb.ca\/fr\/jake-reid-se-joint-a-inclusion-nb-a-titre-de-nouveau-directeur-general\/#primaryimage","url":"https:\/\/www.inclusionnb.ca\/wp-content\/uploads\/2023\/12\/Jake-Reid_Blog-Post.png","contentUrl":"https:\/\/www.inclusionnb.ca\/wp-content\/uploads\/2023\/12\/Jake-Reid_Blog-Post.png","width":900,"height":600},{"@type":"BreadcrumbList","@id":"https:\/\/www.inclusionnb.ca\/fr\/jake-reid-se-joint-a-inclusion-nb-a-titre-de-nouveau-directeur-general\/#breadcrumb","itemListElement":[{"@type":"ListItem","position":1,"name":"Home","item":"https:\/\/www.inclusionnb.ca\/fr\/"},{"@type":"ListItem","position":2,"name":"Jake Reid se joint \u00e0 Inclusion NB \u00e0 titre de nouveau directeur g\u00e9n\u00e9ral"}]},{"@type":"WebSite","@id":"https:\/\/www.inclusionnb.ca\/fr\/#website","url":"https:\/\/www.inclusionnb.ca\/fr\/","name":"Inclusion NB","description":"Creating opportunities for people with an intellectual or developmental disability.","publisher":{"@id":"https:\/\/www.inclusionnb.ca\/fr\/#organization"},"potentialAction":[{"@type":"SearchAction","target":{"@type":"EntryPoint","urlTemplate":"https:\/\/www.inclusionnb.ca\/fr\/?s={search_term_string}"},"query-input":{"@type":"PropertyValueSpecification","valueRequired":true,"valueName":"search_term_string"}}],"inLanguage":"fr-FR"},{"@type":"Organization","@id":"https:\/\/www.inclusionnb.ca\/fr\/#organization","name":"Inclusion NB","url":"https:\/\/www.inclusionnb.ca\/fr\/","logo":{"@type":"ImageObject","inLanguage":"fr-FR","@id":"https:\/\/www.inclusionnb.ca\/fr\/#\/schema\/logo\/image\/","url":"https:\/\/www.inclusionnb.ca\/wp-content\/uploads\/2023\/05\/InclusionNB-logo.svg","contentUrl":"https:\/\/www.inclusionnb.ca\/wp-content\/uploads\/2023\/05\/InclusionNB-logo.svg","width":215,"height":44,"caption":"Inclusion NB"},"image":{"@id":"https:\/\/www.inclusionnb.ca\/fr\/#\/schema\/logo\/image\/"},"sameAs":["http:\/\/facebook.com\/inclusionnb","https:\/\/x.com\/InclusionNB","https:\/\/www.instagram.com\/inclusionnb\/","https:\/\/www.linkedin.com\/company\/inclusionnb"]},{"@type":"Person","@id":"https:\/\/www.inclusionnb.ca\/fr\/#\/schema\/person\/270b5c0a3bee7cbeab6edae4c4dfb3c1","name":"Ariel Dillon","image":{"@type":"ImageObject","inLanguage":"fr-FR","@id":"https:\/\/secure.gravatar.com\/avatar\/a5773216f1f97887273985da66b978637b977601e483de650568f6c5e2625241?s=96&d=mm&r=g","url":"https:\/\/secure.gravatar.com\/avatar\/a5773216f1f97887273985da66b978637b977601e483de650568f6c5e2625241?s=96&d=mm&r=g","contentUrl":"https:\/\/secure.gravatar.com\/avatar\/a5773216f1f97887273985da66b978637b977601e483de650568f6c5e2625241?s=96&d=mm&r=g","caption":"Ariel Dillon"},"url":"https:\/\/www.inclusionnb.ca\/fr\/author\/adillon\/"}]}},"_links":{"self":[{"href":"https:\/\/www.inclusionnb.ca\/fr\/wp-json\/wp\/v2\/posts\/1131","targetHints":{"allow":["GET"]}}],"collection":[{"href":"https:\/\/www.inclusionnb.ca\/fr\/wp-json\/wp\/v2\/posts"}],"about":[{"href":"https:\/\/www.inclusionnb.ca\/fr\/wp-json\/wp\/v2\/types\/post"}],"author":[{"embeddable":true,"href":"https:\/\/www.inclusionnb.ca\/fr\/wp-json\/wp\/v2\/users\/2"}],"replies":[{"embeddable":true,"href":"https:\/\/www.inclusionnb.ca\/fr\/wp-json\/wp\/v2\/comments?post=1131"}],"version-history":[{"count":0,"href":"https:\/\/www.inclusionnb.ca\/fr\/wp-json\/wp\/v2\/posts\/1131\/revisions"}],"wp:featuredmedia":[{"embeddable":true,"href":"https:\/\/www.inclusionnb.ca\/fr\/wp-json\/wp\/v2\/media\/1137"}],"wp:attachment":[{"href":"https:\/\/www.inclusionnb.ca\/fr\/wp-json\/wp\/v2\/media?parent=1131"}],"wp:term":[{"taxonomy":"category","embeddable":true,"href":"https:\/\/www.inclusionnb.ca\/fr\/wp-json\/wp\/v2\/categories?post=1131"},{"taxonomy":"post_tag","embeddable":true,"href":"https:\/\/www.inclusionnb.ca\/fr\/wp-json\/wp\/v2\/tags?post=1131"}],"curies":[{"name":"wp","href":"https:\/\/api.w.org\/{rel}","templated":true}]}}