{"id":1184,"date":"2024-03-08T15:24:26","date_gmt":"2024-03-08T19:24:26","guid":{"rendered":"https:\/\/www.inclusionnb.ca\/?p=1184"},"modified":"2024-04-29T13:14:15","modified_gmt":"2024-04-29T16:14:15","slug":"rencontrez-notre-nouveau-membre-du-conseil-dadministration-jacinthe-v-otis","status":"publish","type":"post","link":"https:\/\/www.inclusionnb.ca\/fr\/rencontrez-notre-nouveau-membre-du-conseil-dadministration-jacinthe-v-otis\/","title":{"rendered":"Rencontrez notre nouveau membre du conseil d\u2019administration : Jacinthe V. Otis"},"content":{"rendered":"<p><div class=\"fusion-fullwidth fullwidth-box fusion-builder-row-1 fusion-flex-container nonhundred-percent-fullwidth non-hundred-percent-height-scrolling\" style=\"--awb-border-radius-top-left:0px;--awb-border-radius-top-right:0px;--awb-border-radius-bottom-right:0px;--awb-border-radius-bottom-left:0px;--awb-flex-wrap:wrap;\" ><div class=\"fusion-builder-row fusion-row fusion-flex-align-items-flex-start fusion-flex-content-wrap\" style=\"max-width:1248px;margin-left: calc(-4% \/ 2 );margin-right: calc(-4% \/ 2 );\"><div class=\"fusion-layout-column fusion_builder_column fusion-builder-column-0 fusion_builder_column_1_1 1_1 fusion-flex-column\" style=\"--awb-bg-blend:overlay;--awb-bg-size:cover;--awb-width-large:100%;--awb-margin-top-large:0px;--awb-spacing-right-large:1.92%;--awb-margin-bottom-large:0px;--awb-spacing-left-large:1.92%;--awb-width-medium:100%;--awb-spacing-right-medium:1.92%;--awb-spacing-left-medium:1.92%;--awb-width-small:100%;--awb-spacing-right-small:1.92%;--awb-spacing-left-small:1.92%;\"><div class=\"fusion-column-wrapper fusion-flex-justify-content-flex-start fusion-content-layout-column\"><div class=\"fusion-text fusion-text-1\"><h3>Que signifie l&#8217;inclusion pour toi ?<\/h3>\n<p>Pour moi, l\u2019inclusion signifie s\u2019ouvrir \u00e0 la diversit\u00e9 et offrir un acc\u00e8s \u00e9quitable aux possibilit\u00e9s. Pour ce faire, il faut cr\u00e9er un milieu o\u00f9 chacun, ind\u00e9pendamment de ses origines, de son genre ou de ses capacit\u00e9s, se sent accept\u00e9, respect\u00e9 et valoris\u00e9 et o\u00f9 chacun peut participer et contribuer pleinement gr\u00e2ce \u00e0 ses talents et \u00e0 sa personnalit\u00e9 uniques. L\u2019inclusion consiste \u00e0 faire tomber les barri\u00e8res et \u00e0 plaider en faveur de l\u2019\u00e9galit\u00e9.   <\/p>\n<h3>O\u00f9 habites-tu ? Parle-nous de ta famille.<\/h3>\n<p>Je suis originaire de Montr\u00e9al et j\u2019ai d\u00e9m\u00e9nag\u00e9 \u00e0 Shediac avec mes deux merveilleuses filles et notre chien en avril 2022. Nous sommes reconnaissantes de pouvoir vivre paisiblement au bord de l\u2019oc\u00e9an, entour\u00e9es de nature et de paysages \u00e9poustouflants. Le Nouveau-Brunswick est une province magnifique.  <\/p>\n<h3>Quelle voie as-tu suivie ? As-tu fr\u00e9quent\u00e9 l&#8217;\u00e9cole, fait carri\u00e8re en dehors de ton foyer, soutenu une famille, travaill\u00e9 ou fait du b\u00e9n\u00e9volat au sein de la communaut\u00e9 ? Y a-t-il des r\u00e9alisations, des promotions ou des projets notables que tu aimerais souligner ?<\/h3>\n<p>J\u2019ai \u00e9t\u00e9 l\u2019une des rares femmes, et probablement l\u2019une des premi\u00e8res, \u00e0 faire des \u00e9tudes en finances (comptabilit\u00e9) tout en \u00e9tant enceinte. J\u2019ai obtenu mon baccalaur\u00e9at en comptabilit\u00e9 de l\u2019UQ\u00c0M en 2013, tout en \u00e9tant m\u00e8re monoparentale de deux jeunes enfants. J\u2019ai obtenu mon titre de CPA en 2015 et je travaille comme analyste depuis plus de dix ans.  <\/p>\n<h3>Quels sont les valeurs ou les principes qui guident ta vie ? Y a-t-il des exp\u00e9riences sp\u00e9cifiques de leadership ou de travail en \u00e9quipe qui t&#8217;ont marqu\u00e9 ?<\/h3>\n<p>Le respect, la famille, l\u2019honn\u00eatet\u00e9 et la g\u00e9n\u00e9rosit\u00e9 sont des valeurs qui ont toujours guid\u00e9 ma vie.<\/p>\n<p>L\u2019\u00e9ducation a \u00e9t\u00e9 la pierre angulaire de mon parcours, car elle m\u2019a permis de m\u2019\u00e9manciper et de m\u2019instruire. Elle m\u2019a aid\u00e9 \u00e0 acqu\u00e9rir de nouvelles comp\u00e9tences et m\u2019a apport\u00e9 de nouvelles possibilit\u00e9s. C\u2019est pourquoi je pense que l\u2019\u00e9galit\u00e9 d\u2019acc\u00e8s \u00e0 l\u2019\u00e9ducation pour les personnes ayant un handicap intellectuel peut les aider \u00e0 lib\u00e9rer tout leur potentiel et leur donner les moyens de contribuer \u00e0 une soci\u00e9t\u00e9 meilleure et plus utile.  <\/p>\n<h3>Quels sont tes int\u00e9r\u00eats et tes passe-temps ? As-tu des talents ou des comp\u00e9tences uniques que tu aimerais partager ?<\/h3>\n<p>Le ski de fond et le ski alpin me donnent de l\u2019\u00e9nergie, le dessin me permet d\u2019exprimer ma cr\u00e9ativit\u00e9, la marche sur la plage me d\u00e9tend et la randonn\u00e9e me permet de renouer avec les merveilles de la nature. Les voyages nourrissent ma curiosit\u00e9 en me faisant d\u00e9couvrir des cultures et des paysages divers. <\/p>\n<p>Dans ma communaut\u00e9, j\u2019enseigne des notions financi\u00e8res comme b\u00e9n\u00e9vole aux nouveaux arrivants au Canada et je participe \u00e0 des conversations en fran\u00e7ais et en anglais avec eux. L\u2019\u00e9t\u00e9 dernier, j\u2019ai eu la chance fantastique d\u2019accueillir cinq chiots et leur m\u00e8re pendant environ six semaines. <\/p>\n<h3>Qu&#8217;est-ce que les gens ignorent de toi ? As-tu des habitudes particuli\u00e8res ou des anecdotes int\u00e9ressantes ? Y a-t-il une citation ou un dicton favori qui r\u00e9sonne en toi ?<\/h3>\n<p>Mes citations pr\u00e9f\u00e9r\u00e9es sont les suivantes :<\/p>\n<p>\u00ab C\u2019est le temps que tu as perdu pour ta rose qui fait ta rose si importante. \u00bb<br \/>\n<span style=\"color: var(--awb-text-color); font-family: var(--awb-text-font-family); font-size: var(--awb-font-size); font-style: var(--awb-text-font-style); font-weight: var(--awb-text-font-weight); letter-spacing: var(--awb-letter-spacing); text-align: var(--awb-content-alignment); text-transform: var(--awb-text-transform); background-color: var(--awb-bg-color-hover);\">&#8211; Antoine de Saint-Exup\u00e9ry , Le Petit Prince<\/span><\/p>\n<p>\u00ab And, when you want something, all the universe conspires in helping you to achieve it. \u00bb<br \/>\n<span style=\"color: var(--awb-text-color); font-family: var(--awb-text-font-family); font-size: var(--awb-font-size); font-style: var(--awb-text-font-style); font-weight: var(--awb-text-font-weight); letter-spacing: var(--awb-letter-spacing); text-align: var(--awb-content-alignment); text-transform: var(--awb-text-transform); background-color: var(--awb-bg-color-hover);\">&#8211; Paulo Coelho, The Alchemist <\/span><\/p>\n<\/div><\/div><\/div><\/div><\/div><div class=\"fusion-fullwidth fullwidth-box fusion-builder-row-2 fusion-flex-container has-pattern-background has-mask-background nonhundred-percent-fullwidth non-hundred-percent-height-scrolling\" style=\"--awb-border-radius-top-left:0px;--awb-border-radius-top-right:0px;--awb-border-radius-bottom-right:0px;--awb-border-radius-bottom-left:0px;--awb-padding-top:23px;--awb-margin-bottom:28px;--awb-flex-wrap:wrap;\" ><div class=\"fusion-builder-row fusion-row fusion-flex-align-items-flex-start fusion-flex-content-wrap\" style=\"max-width:1248px;margin-left: calc(-4% \/ 2 );margin-right: calc(-4% \/ 2 );\"><div class=\"fusion-layout-column fusion_builder_column fusion-builder-column-1 fusion_builder_column_1_1 1_1 fusion-flex-column\" style=\"--awb-padding-top:18px;--awb-bg-size:cover;--awb-width-large:100%;--awb-margin-top-large:0px;--awb-spacing-right-large:1.92%;--awb-margin-bottom-large:20px;--awb-spacing-left-large:1.92%;--awb-width-medium:100%;--awb-order-medium:0;--awb-spacing-right-medium:1.92%;--awb-spacing-left-medium:1.92%;--awb-width-small:100%;--awb-order-small:0;--awb-spacing-right-small:1.92%;--awb-spacing-left-small:1.92%;\"><div class=\"fusion-column-wrapper fusion-column-has-shadow fusion-flex-justify-content-flex-start fusion-content-layout-column\"><div style=\"text-align:left;\"><a class=\"fusion-button button-flat fusion-button-default-size button-default fusion-button-default button-1 fusion-button-default-span fusion-button-default-type\" target=\"_self\" href=\"https:\/\/www.inclusionnb.ca\/fr\/notre-mouvement\/\"><i class=\"fa-book-open fas awb-button__icon awb-button__icon--default button-icon-left\" aria-hidden=\"true\"><\/i><span class=\"fusion-button-text awb-button__text awb-button__text--default\">Retourner au blog<\/span><\/a><\/div><\/div><\/div><\/div><\/div><\/p>\n","protected":false},"excerpt":{"rendered":"","protected":false},"author":2,"featured_media":1183,"comment_status":"open","ping_status":"open","sticky":false,"template":"","format":"standard","meta":{"_monsterinsights_skip_tracking":false,"_monsterinsights_sitenote_active":false,"_monsterinsights_sitenote_note":"","_monsterinsights_sitenote_category":0,"footnotes":""},"categories":[28],"tags":[],"class_list":["post-1184","post","type-post","status-publish","format-standard","has-post-thumbnail","hentry","category-news-fr"],"yoast_head":"<!-- This site is optimized with the Yoast SEO plugin v27.5 - https:\/\/yoast.com\/product\/yoast-seo-wordpress\/ -->\n<title>Rencontrez notre nouveau membre du conseil d\u2019administration : Jacinthe V. Otis - Inclusion NB<\/title>\n<meta name=\"robots\" content=\"index, follow, max-snippet:-1, max-image-preview:large, max-video-preview:-1\" \/>\n<link rel=\"canonical\" href=\"https:\/\/www.inclusionnb.ca\/fr\/rencontrez-notre-nouveau-membre-du-conseil-dadministration-jacinthe-v-otis\/\" \/>\n<meta property=\"og:locale\" content=\"fr_FR\" \/>\n<meta property=\"og:type\" content=\"article\" \/>\n<meta property=\"og:title\" content=\"Rencontrez notre nouveau membre du conseil d\u2019administration : Jacinthe V. Otis - Inclusion NB\" \/>\n<meta property=\"og:url\" content=\"https:\/\/www.inclusionnb.ca\/fr\/rencontrez-notre-nouveau-membre-du-conseil-dadministration-jacinthe-v-otis\/\" \/>\n<meta property=\"og:site_name\" content=\"Inclusion NB\" \/>\n<meta property=\"article:publisher\" content=\"http:\/\/facebook.com\/inclusionnb\" \/>\n<meta property=\"article:published_time\" content=\"2024-03-08T19:24:26+00:00\" \/>\n<meta property=\"article:modified_time\" content=\"2024-04-29T16:14:15+00:00\" \/>\n<meta property=\"og:image\" content=\"https:\/\/www.inclusionnb.ca\/wp-content\/uploads\/2024\/03\/Jacinthe-V.-Otis-1024x683.png\" \/>\n\t<meta property=\"og:image:width\" content=\"1024\" \/>\n\t<meta property=\"og:image:height\" content=\"683\" \/>\n\t<meta property=\"og:image:type\" content=\"image\/png\" \/>\n<meta name=\"author\" content=\"Ariel Dillon\" \/>\n<meta name=\"twitter:card\" content=\"summary_large_image\" \/>\n<meta name=\"twitter:creator\" content=\"@InclusionNB\" \/>\n<meta name=\"twitter:site\" content=\"@InclusionNB\" \/>\n<meta name=\"twitter:label1\" content=\"Written by\" \/>\n\t<meta name=\"twitter:data1\" content=\"Ariel Dillon\" \/>\n\t<meta name=\"twitter:label2\" content=\"Est. reading time\" \/>\n\t<meta name=\"twitter:data2\" content=\"6 minutes\" \/>\n<script type=\"application\/ld+json\" class=\"yoast-schema-graph\">{\"@context\":\"https:\\\/\\\/schema.org\",\"@graph\":[{\"@type\":\"Article\",\"@id\":\"https:\\\/\\\/www.inclusionnb.ca\\\/fr\\\/rencontrez-notre-nouveau-membre-du-conseil-dadministration-jacinthe-v-otis\\\/#article\",\"isPartOf\":{\"@id\":\"https:\\\/\\\/www.inclusionnb.ca\\\/fr\\\/rencontrez-notre-nouveau-membre-du-conseil-dadministration-jacinthe-v-otis\\\/\"},\"author\":{\"name\":\"Ariel Dillon\",\"@id\":\"https:\\\/\\\/www.inclusionnb.ca\\\/fr\\\/#\\\/schema\\\/person\\\/270b5c0a3bee7cbeab6edae4c4dfb3c1\"},\"headline\":\"Rencontrez notre nouveau membre du conseil d\u2019administration : Jacinthe V. Otis\",\"datePublished\":\"2024-03-08T19:24:26+00:00\",\"dateModified\":\"2024-04-29T16:14:15+00:00\",\"mainEntityOfPage\":{\"@id\":\"https:\\\/\\\/www.inclusionnb.ca\\\/fr\\\/rencontrez-notre-nouveau-membre-du-conseil-dadministration-jacinthe-v-otis\\\/\"},\"wordCount\":1256,\"commentCount\":0,\"publisher\":{\"@id\":\"https:\\\/\\\/www.inclusionnb.ca\\\/fr\\\/#organization\"},\"image\":{\"@id\":\"https:\\\/\\\/www.inclusionnb.ca\\\/fr\\\/rencontrez-notre-nouveau-membre-du-conseil-dadministration-jacinthe-v-otis\\\/#primaryimage\"},\"thumbnailUrl\":\"https:\\\/\\\/www.inclusionnb.ca\\\/wp-content\\\/uploads\\\/2024\\\/03\\\/Jacinthe-V.-Otis.png\",\"articleSection\":[\"News\"],\"inLanguage\":\"fr-FR\",\"potentialAction\":[{\"@type\":\"CommentAction\",\"name\":\"Comment\",\"target\":[\"https:\\\/\\\/www.inclusionnb.ca\\\/fr\\\/rencontrez-notre-nouveau-membre-du-conseil-dadministration-jacinthe-v-otis\\\/#respond\"]}]},{\"@type\":\"WebPage\",\"@id\":\"https:\\\/\\\/www.inclusionnb.ca\\\/fr\\\/rencontrez-notre-nouveau-membre-du-conseil-dadministration-jacinthe-v-otis\\\/\",\"url\":\"https:\\\/\\\/www.inclusionnb.ca\\\/fr\\\/rencontrez-notre-nouveau-membre-du-conseil-dadministration-jacinthe-v-otis\\\/\",\"name\":\"Rencontrez notre nouveau membre du conseil d\u2019administration : Jacinthe V. Otis - Inclusion NB\",\"isPartOf\":{\"@id\":\"https:\\\/\\\/www.inclusionnb.ca\\\/fr\\\/#website\"},\"primaryImageOfPage\":{\"@id\":\"https:\\\/\\\/www.inclusionnb.ca\\\/fr\\\/rencontrez-notre-nouveau-membre-du-conseil-dadministration-jacinthe-v-otis\\\/#primaryimage\"},\"image\":{\"@id\":\"https:\\\/\\\/www.inclusionnb.ca\\\/fr\\\/rencontrez-notre-nouveau-membre-du-conseil-dadministration-jacinthe-v-otis\\\/#primaryimage\"},\"thumbnailUrl\":\"https:\\\/\\\/www.inclusionnb.ca\\\/wp-content\\\/uploads\\\/2024\\\/03\\\/Jacinthe-V.-Otis.png\",\"datePublished\":\"2024-03-08T19:24:26+00:00\",\"dateModified\":\"2024-04-29T16:14:15+00:00\",\"breadcrumb\":{\"@id\":\"https:\\\/\\\/www.inclusionnb.ca\\\/fr\\\/rencontrez-notre-nouveau-membre-du-conseil-dadministration-jacinthe-v-otis\\\/#breadcrumb\"},\"inLanguage\":\"fr-FR\",\"potentialAction\":[{\"@type\":\"ReadAction\",\"target\":[\"https:\\\/\\\/www.inclusionnb.ca\\\/fr\\\/rencontrez-notre-nouveau-membre-du-conseil-dadministration-jacinthe-v-otis\\\/\"]}]},{\"@type\":\"ImageObject\",\"inLanguage\":\"fr-FR\",\"@id\":\"https:\\\/\\\/www.inclusionnb.ca\\\/fr\\\/rencontrez-notre-nouveau-membre-du-conseil-dadministration-jacinthe-v-otis\\\/#primaryimage\",\"url\":\"https:\\\/\\\/www.inclusionnb.ca\\\/wp-content\\\/uploads\\\/2024\\\/03\\\/Jacinthe-V.-Otis.png\",\"contentUrl\":\"https:\\\/\\\/www.inclusionnb.ca\\\/wp-content\\\/uploads\\\/2024\\\/03\\\/Jacinthe-V.-Otis.png\",\"width\":2813,\"height\":1875},{\"@type\":\"BreadcrumbList\",\"@id\":\"https:\\\/\\\/www.inclusionnb.ca\\\/fr\\\/rencontrez-notre-nouveau-membre-du-conseil-dadministration-jacinthe-v-otis\\\/#breadcrumb\",\"itemListElement\":[{\"@type\":\"ListItem\",\"position\":1,\"name\":\"Home\",\"item\":\"https:\\\/\\\/www.inclusionnb.ca\\\/fr\\\/\"},{\"@type\":\"ListItem\",\"position\":2,\"name\":\"Rencontrez notre nouveau membre du conseil d\u2019administration : Jacinthe V. Otis\"}]},{\"@type\":\"WebSite\",\"@id\":\"https:\\\/\\\/www.inclusionnb.ca\\\/fr\\\/#website\",\"url\":\"https:\\\/\\\/www.inclusionnb.ca\\\/fr\\\/\",\"name\":\"Inclusion NB\",\"description\":\"Creating opportunities for people with an intellectual or developmental disability.\",\"publisher\":{\"@id\":\"https:\\\/\\\/www.inclusionnb.ca\\\/fr\\\/#organization\"},\"potentialAction\":[{\"@type\":\"SearchAction\",\"target\":{\"@type\":\"EntryPoint\",\"urlTemplate\":\"https:\\\/\\\/www.inclusionnb.ca\\\/fr\\\/?s={search_term_string}\"},\"query-input\":{\"@type\":\"PropertyValueSpecification\",\"valueRequired\":true,\"valueName\":\"search_term_string\"}}],\"inLanguage\":\"fr-FR\"},{\"@type\":\"Organization\",\"@id\":\"https:\\\/\\\/www.inclusionnb.ca\\\/fr\\\/#organization\",\"name\":\"Inclusion NB\",\"url\":\"https:\\\/\\\/www.inclusionnb.ca\\\/fr\\\/\",\"logo\":{\"@type\":\"ImageObject\",\"inLanguage\":\"fr-FR\",\"@id\":\"https:\\\/\\\/www.inclusionnb.ca\\\/fr\\\/#\\\/schema\\\/logo\\\/image\\\/\",\"url\":\"https:\\\/\\\/www.inclusionnb.ca\\\/wp-content\\\/uploads\\\/2023\\\/05\\\/InclusionNB-logo.svg\",\"contentUrl\":\"https:\\\/\\\/www.inclusionnb.ca\\\/wp-content\\\/uploads\\\/2023\\\/05\\\/InclusionNB-logo.svg\",\"width\":215,\"height\":44,\"caption\":\"Inclusion NB\"},\"image\":{\"@id\":\"https:\\\/\\\/www.inclusionnb.ca\\\/fr\\\/#\\\/schema\\\/logo\\\/image\\\/\"},\"sameAs\":[\"http:\\\/\\\/facebook.com\\\/inclusionnb\",\"https:\\\/\\\/x.com\\\/InclusionNB\",\"https:\\\/\\\/www.instagram.com\\\/inclusionnb\\\/\",\"https:\\\/\\\/www.linkedin.com\\\/company\\\/inclusionnb\"]},{\"@type\":\"Person\",\"@id\":\"https:\\\/\\\/www.inclusionnb.ca\\\/fr\\\/#\\\/schema\\\/person\\\/270b5c0a3bee7cbeab6edae4c4dfb3c1\",\"name\":\"Ariel Dillon\",\"image\":{\"@type\":\"ImageObject\",\"inLanguage\":\"fr-FR\",\"@id\":\"https:\\\/\\\/secure.gravatar.com\\\/avatar\\\/a5773216f1f97887273985da66b978637b977601e483de650568f6c5e2625241?s=96&d=mm&r=g\",\"url\":\"https:\\\/\\\/secure.gravatar.com\\\/avatar\\\/a5773216f1f97887273985da66b978637b977601e483de650568f6c5e2625241?s=96&d=mm&r=g\",\"contentUrl\":\"https:\\\/\\\/secure.gravatar.com\\\/avatar\\\/a5773216f1f97887273985da66b978637b977601e483de650568f6c5e2625241?s=96&d=mm&r=g\",\"caption\":\"Ariel Dillon\"},\"url\":\"https:\\\/\\\/www.inclusionnb.ca\\\/fr\\\/author\\\/adillon\\\/\"}]}<\/script>\n<!-- \/ Yoast SEO plugin. -->","yoast_head_json":{"title":"Rencontrez notre nouveau membre du conseil d\u2019administration : Jacinthe V. Otis - Inclusion NB","robots":{"index":"index","follow":"follow","max-snippet":"max-snippet:-1","max-image-preview":"max-image-preview:large","max-video-preview":"max-video-preview:-1"},"canonical":"https:\/\/www.inclusionnb.ca\/fr\/rencontrez-notre-nouveau-membre-du-conseil-dadministration-jacinthe-v-otis\/","og_locale":"fr_FR","og_type":"article","og_title":"Rencontrez notre nouveau membre du conseil d\u2019administration : Jacinthe V. Otis - Inclusion NB","og_url":"https:\/\/www.inclusionnb.ca\/fr\/rencontrez-notre-nouveau-membre-du-conseil-dadministration-jacinthe-v-otis\/","og_site_name":"Inclusion NB","article_publisher":"http:\/\/facebook.com\/inclusionnb","article_published_time":"2024-03-08T19:24:26+00:00","article_modified_time":"2024-04-29T16:14:15+00:00","og_image":[{"width":1024,"height":683,"url":"https:\/\/www.inclusionnb.ca\/wp-content\/uploads\/2024\/03\/Jacinthe-V.-Otis-1024x683.png","type":"image\/png"}],"author":"Ariel Dillon","twitter_card":"summary_large_image","twitter_creator":"@InclusionNB","twitter_site":"@InclusionNB","twitter_misc":{"Written by":"Ariel Dillon","Est. reading time":"6 minutes"},"schema":{"@context":"https:\/\/schema.org","@graph":[{"@type":"Article","@id":"https:\/\/www.inclusionnb.ca\/fr\/rencontrez-notre-nouveau-membre-du-conseil-dadministration-jacinthe-v-otis\/#article","isPartOf":{"@id":"https:\/\/www.inclusionnb.ca\/fr\/rencontrez-notre-nouveau-membre-du-conseil-dadministration-jacinthe-v-otis\/"},"author":{"name":"Ariel Dillon","@id":"https:\/\/www.inclusionnb.ca\/fr\/#\/schema\/person\/270b5c0a3bee7cbeab6edae4c4dfb3c1"},"headline":"Rencontrez notre nouveau membre du conseil d\u2019administration : Jacinthe V. Otis","datePublished":"2024-03-08T19:24:26+00:00","dateModified":"2024-04-29T16:14:15+00:00","mainEntityOfPage":{"@id":"https:\/\/www.inclusionnb.ca\/fr\/rencontrez-notre-nouveau-membre-du-conseil-dadministration-jacinthe-v-otis\/"},"wordCount":1256,"commentCount":0,"publisher":{"@id":"https:\/\/www.inclusionnb.ca\/fr\/#organization"},"image":{"@id":"https:\/\/www.inclusionnb.ca\/fr\/rencontrez-notre-nouveau-membre-du-conseil-dadministration-jacinthe-v-otis\/#primaryimage"},"thumbnailUrl":"https:\/\/www.inclusionnb.ca\/wp-content\/uploads\/2024\/03\/Jacinthe-V.-Otis.png","articleSection":["News"],"inLanguage":"fr-FR","potentialAction":[{"@type":"CommentAction","name":"Comment","target":["https:\/\/www.inclusionnb.ca\/fr\/rencontrez-notre-nouveau-membre-du-conseil-dadministration-jacinthe-v-otis\/#respond"]}]},{"@type":"WebPage","@id":"https:\/\/www.inclusionnb.ca\/fr\/rencontrez-notre-nouveau-membre-du-conseil-dadministration-jacinthe-v-otis\/","url":"https:\/\/www.inclusionnb.ca\/fr\/rencontrez-notre-nouveau-membre-du-conseil-dadministration-jacinthe-v-otis\/","name":"Rencontrez notre nouveau membre du conseil d\u2019administration : Jacinthe V. Otis - Inclusion NB","isPartOf":{"@id":"https:\/\/www.inclusionnb.ca\/fr\/#website"},"primaryImageOfPage":{"@id":"https:\/\/www.inclusionnb.ca\/fr\/rencontrez-notre-nouveau-membre-du-conseil-dadministration-jacinthe-v-otis\/#primaryimage"},"image":{"@id":"https:\/\/www.inclusionnb.ca\/fr\/rencontrez-notre-nouveau-membre-du-conseil-dadministration-jacinthe-v-otis\/#primaryimage"},"thumbnailUrl":"https:\/\/www.inclusionnb.ca\/wp-content\/uploads\/2024\/03\/Jacinthe-V.-Otis.png","datePublished":"2024-03-08T19:24:26+00:00","dateModified":"2024-04-29T16:14:15+00:00","breadcrumb":{"@id":"https:\/\/www.inclusionnb.ca\/fr\/rencontrez-notre-nouveau-membre-du-conseil-dadministration-jacinthe-v-otis\/#breadcrumb"},"inLanguage":"fr-FR","potentialAction":[{"@type":"ReadAction","target":["https:\/\/www.inclusionnb.ca\/fr\/rencontrez-notre-nouveau-membre-du-conseil-dadministration-jacinthe-v-otis\/"]}]},{"@type":"ImageObject","inLanguage":"fr-FR","@id":"https:\/\/www.inclusionnb.ca\/fr\/rencontrez-notre-nouveau-membre-du-conseil-dadministration-jacinthe-v-otis\/#primaryimage","url":"https:\/\/www.inclusionnb.ca\/wp-content\/uploads\/2024\/03\/Jacinthe-V.-Otis.png","contentUrl":"https:\/\/www.inclusionnb.ca\/wp-content\/uploads\/2024\/03\/Jacinthe-V.-Otis.png","width":2813,"height":1875},{"@type":"BreadcrumbList","@id":"https:\/\/www.inclusionnb.ca\/fr\/rencontrez-notre-nouveau-membre-du-conseil-dadministration-jacinthe-v-otis\/#breadcrumb","itemListElement":[{"@type":"ListItem","position":1,"name":"Home","item":"https:\/\/www.inclusionnb.ca\/fr\/"},{"@type":"ListItem","position":2,"name":"Rencontrez notre nouveau membre du conseil d\u2019administration : Jacinthe V. Otis"}]},{"@type":"WebSite","@id":"https:\/\/www.inclusionnb.ca\/fr\/#website","url":"https:\/\/www.inclusionnb.ca\/fr\/","name":"Inclusion NB","description":"Creating opportunities for people with an intellectual or developmental disability.","publisher":{"@id":"https:\/\/www.inclusionnb.ca\/fr\/#organization"},"potentialAction":[{"@type":"SearchAction","target":{"@type":"EntryPoint","urlTemplate":"https:\/\/www.inclusionnb.ca\/fr\/?s={search_term_string}"},"query-input":{"@type":"PropertyValueSpecification","valueRequired":true,"valueName":"search_term_string"}}],"inLanguage":"fr-FR"},{"@type":"Organization","@id":"https:\/\/www.inclusionnb.ca\/fr\/#organization","name":"Inclusion NB","url":"https:\/\/www.inclusionnb.ca\/fr\/","logo":{"@type":"ImageObject","inLanguage":"fr-FR","@id":"https:\/\/www.inclusionnb.ca\/fr\/#\/schema\/logo\/image\/","url":"https:\/\/www.inclusionnb.ca\/wp-content\/uploads\/2023\/05\/InclusionNB-logo.svg","contentUrl":"https:\/\/www.inclusionnb.ca\/wp-content\/uploads\/2023\/05\/InclusionNB-logo.svg","width":215,"height":44,"caption":"Inclusion NB"},"image":{"@id":"https:\/\/www.inclusionnb.ca\/fr\/#\/schema\/logo\/image\/"},"sameAs":["http:\/\/facebook.com\/inclusionnb","https:\/\/x.com\/InclusionNB","https:\/\/www.instagram.com\/inclusionnb\/","https:\/\/www.linkedin.com\/company\/inclusionnb"]},{"@type":"Person","@id":"https:\/\/www.inclusionnb.ca\/fr\/#\/schema\/person\/270b5c0a3bee7cbeab6edae4c4dfb3c1","name":"Ariel Dillon","image":{"@type":"ImageObject","inLanguage":"fr-FR","@id":"https:\/\/secure.gravatar.com\/avatar\/a5773216f1f97887273985da66b978637b977601e483de650568f6c5e2625241?s=96&d=mm&r=g","url":"https:\/\/secure.gravatar.com\/avatar\/a5773216f1f97887273985da66b978637b977601e483de650568f6c5e2625241?s=96&d=mm&r=g","contentUrl":"https:\/\/secure.gravatar.com\/avatar\/a5773216f1f97887273985da66b978637b977601e483de650568f6c5e2625241?s=96&d=mm&r=g","caption":"Ariel Dillon"},"url":"https:\/\/www.inclusionnb.ca\/fr\/author\/adillon\/"}]}},"_links":{"self":[{"href":"https:\/\/www.inclusionnb.ca\/fr\/wp-json\/wp\/v2\/posts\/1184","targetHints":{"allow":["GET"]}}],"collection":[{"href":"https:\/\/www.inclusionnb.ca\/fr\/wp-json\/wp\/v2\/posts"}],"about":[{"href":"https:\/\/www.inclusionnb.ca\/fr\/wp-json\/wp\/v2\/types\/post"}],"author":[{"embeddable":true,"href":"https:\/\/www.inclusionnb.ca\/fr\/wp-json\/wp\/v2\/users\/2"}],"replies":[{"embeddable":true,"href":"https:\/\/www.inclusionnb.ca\/fr\/wp-json\/wp\/v2\/comments?post=1184"}],"version-history":[{"count":0,"href":"https:\/\/www.inclusionnb.ca\/fr\/wp-json\/wp\/v2\/posts\/1184\/revisions"}],"wp:featuredmedia":[{"embeddable":true,"href":"https:\/\/www.inclusionnb.ca\/fr\/wp-json\/wp\/v2\/media\/1183"}],"wp:attachment":[{"href":"https:\/\/www.inclusionnb.ca\/fr\/wp-json\/wp\/v2\/media?parent=1184"}],"wp:term":[{"taxonomy":"category","embeddable":true,"href":"https:\/\/www.inclusionnb.ca\/fr\/wp-json\/wp\/v2\/categories?post=1184"},{"taxonomy":"post_tag","embeddable":true,"href":"https:\/\/www.inclusionnb.ca\/fr\/wp-json\/wp\/v2\/tags?post=1184"}],"curies":[{"name":"wp","href":"https:\/\/api.w.org\/{rel}","templated":true}]}}