{"id":1366,"date":"2024-05-15T12:31:39","date_gmt":"2024-05-15T15:31:39","guid":{"rendered":"https:\/\/www.inclusionnb.ca\/le-parcours-de-zachary-vers-la-reussite-professionnelle\/"},"modified":"2024-05-24T09:43:52","modified_gmt":"2024-05-24T12:43:52","slug":"le-parcours-de-zachary-vers-la-reussite-professionnelle","status":"publish","type":"post","link":"https:\/\/www.inclusionnb.ca\/fr\/le-parcours-de-zachary-vers-la-reussite-professionnelle\/","title":{"rendered":"Le parcours de Zachary vers la r\u00e9ussite professionnelle"},"content":{"rendered":"<p><div class=\"fusion-fullwidth fullwidth-box fusion-builder-row-1 fusion-flex-container nonhundred-percent-fullwidth non-hundred-percent-height-scrolling\" style=\"--awb-border-radius-top-left:0px;--awb-border-radius-top-right:0px;--awb-border-radius-bottom-right:0px;--awb-border-radius-bottom-left:0px;--awb-flex-wrap:wrap;\" ><div class=\"fusion-builder-row fusion-row fusion-flex-align-items-flex-start fusion-flex-content-wrap\" style=\"max-width:1248px;margin-left: calc(-4% \/ 2 );margin-right: calc(-4% \/ 2 );\"><div class=\"fusion-layout-column fusion_builder_column fusion-builder-column-0 fusion_builder_column_1_1 1_1 fusion-flex-column\" style=\"--awb-bg-blend:overlay;--awb-bg-size:cover;--awb-width-large:100%;--awb-margin-top-large:0px;--awb-spacing-right-large:1.92%;--awb-margin-bottom-large:0px;--awb-spacing-left-large:1.92%;--awb-width-medium:100%;--awb-spacing-right-medium:1.92%;--awb-spacing-left-medium:1.92%;--awb-width-small:100%;--awb-spacing-right-small:1.92%;--awb-spacing-left-small:1.92%;\"><div class=\"fusion-column-wrapper fusion-flex-justify-content-flex-start fusion-content-layout-column\"><div class=\"fusion-text fusion-text-1\"><h2>Le parcours de Zachary vers la r\u00e9ussite professionnelle<\/h2>\n<p>L\u2019inclusion et la diversit\u00e9 sont des composantes essentielles d\u2019une soci\u00e9t\u00e9 prosp\u00e8re. Inclusion NB a pour mission de trouver des possibilit\u00e9s pour que chaque N\u00e9o-Brunswickoise et N\u00e9o-Brunswickois puisse participer pleinement \u00e0 sa communaut\u00e9 et vivre la vie qu\u2019il choisit. L\u2019histoire de Zachary Lumsden d\u00e9montre l\u2019incidence transformatrice de telles possibilit\u00e9s, en montrant comment le mod\u00e8le \u00ab Juste assez de soutien \u00bb peut ouvrir des portes \u00e0 l\u2019emploi et \u00e0 la croissance personnelle.  <\/p>\n<p>Zachary est n\u00e9 et a grandi \u00e0 Fredericton. Son parcours avec Inclusion NB a commenc\u00e9 lorsqu\u2019il \u00e9tait au secondaire, \u00e0 l\u2019\u00c9cole Sainte-Anne, o\u00f9 il a pris connaissance de nos programmes et de nos services de soutien. Sachant qu\u2019il voulait entrer sur le march\u00e9 du travail, Zachary, encourag\u00e9 par son p\u00e8re, s\u2019est adress\u00e9 \u00e0 Inclusion NB. <\/p>\n<p>Zachary a reconnu le r\u00f4le inestimable d\u2019Inclusion NB dans sa pr\u00e9paration au march\u00e9 du travail en lui offrant une possibilit\u00e9 de b\u00e9n\u00e9volat avec Greener Village, un organisme qui fournit de la nourriture, des v\u00eatements et des occasions dont les gens ont besoin dans leur cheminement vers l\u2019autosuffisance. Ce processus fait partie du programme La vie apr\u00e8s l\u2019\u00e9cole secondaire, dans le cadre duquel les \u00e9l\u00e8ves peuvent acqu\u00e9rir de l\u2019exp\u00e9rience de travail pendant leurs journ\u00e9es d\u2019\u00e9cole afin d\u2019assurer une transition r\u00e9ussie de l\u2019\u00e9cole au travail. Gr\u00e2ce au perfectionnement de ses comp\u00e9tences professionnelles et des conseils qui l\u2019ont guid\u00e9 dans son r\u00f4le de b\u00e9n\u00e9vole, Zachary a acquis les bases n\u00e9cessaires pour s\u2019\u00e9panouir sur le lieu de travail.  <\/p>\n<p>Apr\u00e8s que Zachary a obtenu son dipl\u00f4me en 2022, Marie-Antoinette Hakizimana, sa facilitatrice de transition \u00e0 Inclusion NB, a jou\u00e9 un r\u00f4le essentiel en lui offrant des possibilit\u00e9s correspondant \u00e0 ses int\u00e9r\u00eats. Marie-Antoinette a travaill\u00e9 en \u00e9troite collaboration avec Debbie Thomas, facilitatrice du march\u00e9 du travail, dans le cadre de l\u2019initiative Pr\u00eats, disponibles et capables (PDC), afin de trouver des possibilit\u00e9s d\u2019emploi pour Zachary. <\/p>\n<p>PDC joue un r\u00f4le de soutien crucial en mettant dans la mise en contact des employeurs, des demandeurs d\u2019emploi ayant un handicap intellectuel ou un trouble du spectre de l\u2019autisme et des agences locales d\u2019emploi. Ensemble PDC et Inclusion NB collaborent pour cr\u00e9er une main-d\u2019\u0153uvre plus inclusive dans toute la province. <\/p>\n<p>Pendant que Zachary cherchait un emploi, Sharon Faulkner, directrice de Micheals, un d\u00e9taillant d\u2019artisanat \u00e0 Fredericton, a contact\u00e9 Inclusion NB pour voir comment elle pourrait am\u00e9liorer ses pratiques d\u2019embauche inclusive. Debbie a rencontr\u00e9 Sharon et lui a expliqu\u00e9 comment PDC soutient les employeurs, tout en veillant \u00e0 ce que les besoins de l\u2019entreprise soient satisfaits. <\/p>\n<p>Pendant que Zachary cherchait un emploi, Sharon Faulkner, directrice de Micheals, un d\u00e9taillant d\u2019artisanat \u00e0 Fredericton, a contact\u00e9 Inclusion NB pour voir comment elle pourrait am\u00e9liorer ses pratiques d\u2019embauche inclusive. Debbie a rencontr\u00e9 Sharon et lui a expliqu\u00e9 comment PDC soutient les employeurs, tout en veillant \u00e0 ce que les besoins de l\u2019entreprise soient satisfaits.<\/p>\n<p>Sharon a fait part \u00e0 Debbie des postes \u00e0 pourvoir pour les F\u00eates de fin d\u2019ann\u00e9e, qui s\u2019annon\u00e7aient tr\u00e8s charg\u00e9es. L\u2019offre d\u2019emploi chez Michaels qui avait attir\u00e9 l\u2019attention de Zachary consistait \u00e0 d\u00e9charger les livraisons de stocks de 3 heures \u00e0 11 h du matin, ce qui correspondait parfaitement \u00e0 ses pr\u00e9f\u00e9rences pour un poste orient\u00e9 vers la main-d\u2019\u0153uvre et un horaire de travail attrayant.  <\/p>\n<p>\u00ab Nous avons fini par avoir plusieurs candidates et candidats, et Sharon a embauch\u00e9 trois personnes, dont Zachary, par l\u2019interm\u00e9diaire de PDC, explique Debbie, ce fut un grand succ\u00e8s. \u00bb<\/p>\n<p>De plus, Debbie a \u00e9tabli des liens avec les g\u00e9rants des magasins Michael\u2019s de Moncton et de Saint John, et a m\u00eame r\u00e9ussi \u00e0 mettre en contact d\u2019autres facilitateurs du march\u00e9 du travail de PDC du Canada atlantique avec leurs magasins Michaels locaux.<\/p>\n<p>\u00ab Michaels a \u00e9t\u00e9 exemplaire dans la mise en \u0153uvre de sa strat\u00e9gie d\u2019int\u00e9gration \u00bb, explique Debbie.<\/p>\n<p>Sharon et son \u00e9quipe ont constamment fait preuve d\u2019un engagement fort en faveur de l\u2019inclusion en assurant un milieu favorable \u00e0 la transition de Zachary dans son r\u00f4le. Cette approche, associ\u00e9e \u00e0 l\u2019enthousiasme de Zachary, est essentielle. Aujourd\u2019hui encore, Zachary est un employ\u00e9 valoris\u00e9 chez Michaels.  <\/p>\n<p>\u00ab Je veux aider Zac \u00e0 sortir de sa zone de confort et lui permettre d\u2019utiliser ses comp\u00e9tences num\u00e9riques, mais \u00e0 son propre rythme \u00bb soul\u00e8ve Sharon.<\/p>\n<p>&nbsp;<\/p>\n<\/div><div class=\"fusion-slider-sc\"><div class=\"fusion-flexslider-loading flexslider flexslider-hover-type-none\" data-slideshow_autoplay=\"1\" data-slideshow_smooth_height=\"0\" data-slideshow_speed=\"100\" style=\"max-width:100%;height:100%;\"><ul class=\"slides\"><li class=\"image\"><span class=\"fusion-image-hover-element hover-type-none\"><img decoding=\"async\" src=\"https:\/\/www.inclusionnb.ca\/wp-content\/uploads\/2024\/05\/Portrait-Photography-115-300x214.jpg\" width=\"300\" height=\"214\" class=\"wp-image-1291\" srcset=\"https:\/\/www.inclusionnb.ca\/wp-content\/uploads\/2024\/05\/Portrait-Photography-115-200x143.jpg 200w, https:\/\/www.inclusionnb.ca\/wp-content\/uploads\/2024\/05\/Portrait-Photography-115-400x286.jpg 400w, https:\/\/www.inclusionnb.ca\/wp-content\/uploads\/2024\/05\/Portrait-Photography-115-600x429.jpg 600w, https:\/\/www.inclusionnb.ca\/wp-content\/uploads\/2024\/05\/Portrait-Photography-115-800x571.jpg 800w, https:\/\/www.inclusionnb.ca\/wp-content\/uploads\/2024\/05\/Portrait-Photography-115-1200x857.jpg 1200w\" sizes=\"(max-width: 640px) 100vw, 1200px\" \/><\/span><\/li><\/ul><\/div><\/div><div class=\"fusion-text fusion-text-2\"><p>Tout en remplissant son r\u00f4le de repr\u00e9sentant des stocks, Zachary a fait preuve d\u2019une volont\u00e9 d\u2019apprendre, ce qui t\u00e9moigne de sa croissance et de son perfectionnement personnels.<\/p>\n<p>\u00ab J\u2019aimerais dire \u00e0 quel point ils (Inclusion NB) m\u2019ont vraiment aid\u00e9. Ils m\u2019ont appris ce que je devais faire et m\u2019ont suivi pas \u00e0 pas. D\u2019abord dans un emploi b\u00e9n\u00e9vole, et maintenant dans un emploi r\u00e9mun\u00e9r\u00e9 \u00bb, dit Zachary.  <\/p>\n<p>Zachary a \u00e9galement fait \u00e9voluer sa passion pour l\u2019art et l\u2019expression cr\u00e9ative vers un autre r\u00f4le. Il travaille occasionnellement en tant que responsable des m\u00e9dias sociaux pour une entreprise locale en ligne. Zachary mise sur ses talents artistiques en cr\u00e9ant des contenus visuellement attrayants.  <\/p>\n<p>Comme le dit Zachary : \u00ab Tout le monde devrait \u00eatre inclus dans la soci\u00e9t\u00e9, peu importe qui vous \u00eates. \u00bb<\/p>\n<\/div><\/div><\/div><\/div><\/div><div class=\"fusion-fullwidth fullwidth-box fusion-builder-row-2 fusion-flex-container has-pattern-background has-mask-background nonhundred-percent-fullwidth non-hundred-percent-height-scrolling\" style=\"--awb-border-radius-top-left:0px;--awb-border-radius-top-right:0px;--awb-border-radius-bottom-right:0px;--awb-border-radius-bottom-left:0px;--awb-padding-top:23px;--awb-margin-bottom:28px;--awb-flex-wrap:wrap;\" ><div class=\"fusion-builder-row fusion-row fusion-flex-align-items-flex-start fusion-flex-content-wrap\" style=\"max-width:1248px;margin-left: calc(-4% \/ 2 );margin-right: calc(-4% \/ 2 );\"><div class=\"fusion-layout-column fusion_builder_column fusion-builder-column-1 fusion_builder_column_1_1 1_1 fusion-flex-column\" style=\"--awb-padding-top:18px;--awb-bg-size:cover;--awb-width-large:100%;--awb-margin-top-large:0px;--awb-spacing-right-large:1.92%;--awb-margin-bottom-large:20px;--awb-spacing-left-large:1.92%;--awb-width-medium:100%;--awb-order-medium:0;--awb-spacing-right-medium:1.92%;--awb-spacing-left-medium:1.92%;--awb-width-small:100%;--awb-order-small:0;--awb-spacing-right-small:1.92%;--awb-spacing-left-small:1.92%;\"><div class=\"fusion-column-wrapper fusion-column-has-shadow fusion-flex-justify-content-flex-start fusion-content-layout-column\"><div style=\"text-align:left;\"><a class=\"fusion-button button-flat fusion-button-default-size button-default fusion-button-default button-1 fusion-button-default-span fusion-button-default-type\" target=\"_self\" href=\"https:\/\/www.inclusionnb.ca\/fr\/notre-mouvement\/\"><i class=\"fa-book-open fas awb-button__icon awb-button__icon--default button-icon-left\" aria-hidden=\"true\"><\/i><span class=\"fusion-button-text awb-button__text awb-button__text--default\">Lire plus d\u2019histoires<\/span><\/a><\/div><\/div><\/div><\/div><\/div><\/p>\n","protected":false},"excerpt":{"rendered":"","protected":false},"author":2,"featured_media":1290,"comment_status":"open","ping_status":"open","sticky":false,"template":"","format":"standard","meta":{"_monsterinsights_skip_tracking":false,"_monsterinsights_sitenote_active":false,"_monsterinsights_sitenote_note":"","_monsterinsights_sitenote_category":0,"footnotes":""},"categories":[23],"tags":[],"class_list":["post-1366","post","type-post","status-publish","format-standard","has-post-thumbnail","hentry","category-temoignage-de-reussite"],"yoast_head":"<!-- This site is optimized with the Yoast SEO plugin v27.4 - https:\/\/yoast.com\/product\/yoast-seo-wordpress\/ -->\n<title>Le parcours de Zachary vers la r\u00e9ussite professionnelle - Inclusion NB<\/title>\n<meta name=\"robots\" content=\"index, follow, max-snippet:-1, max-image-preview:large, max-video-preview:-1\" \/>\n<link rel=\"canonical\" href=\"https:\/\/www.inclusionnb.ca\/fr\/le-parcours-de-zachary-vers-la-reussite-professionnelle\/\" \/>\n<meta property=\"og:locale\" content=\"fr_FR\" \/>\n<meta property=\"og:type\" content=\"article\" \/>\n<meta property=\"og:title\" content=\"Le parcours de Zachary vers la r\u00e9ussite professionnelle - Inclusion NB\" \/>\n<meta property=\"og:url\" content=\"https:\/\/www.inclusionnb.ca\/fr\/le-parcours-de-zachary-vers-la-reussite-professionnelle\/\" \/>\n<meta property=\"og:site_name\" content=\"Inclusion NB\" \/>\n<meta property=\"article:publisher\" content=\"http:\/\/facebook.com\/inclusionnb\" \/>\n<meta property=\"article:published_time\" content=\"2024-05-15T15:31:39+00:00\" \/>\n<meta property=\"article:modified_time\" content=\"2024-05-24T12:43:52+00:00\" \/>\n<meta property=\"og:image\" content=\"https:\/\/www.inclusionnb.ca\/wp-content\/uploads\/2024\/05\/Portrait-Photography-109-scaled.jpg\" \/>\n\t<meta property=\"og:image:width\" content=\"2560\" \/>\n\t<meta property=\"og:image:height\" content=\"1707\" \/>\n\t<meta property=\"og:image:type\" content=\"image\/jpeg\" \/>\n<meta name=\"author\" content=\"Ariel Dillon\" \/>\n<meta name=\"twitter:card\" content=\"summary_large_image\" \/>\n<meta name=\"twitter:creator\" content=\"@InclusionNB\" \/>\n<meta name=\"twitter:site\" content=\"@InclusionNB\" \/>\n<meta name=\"twitter:label1\" content=\"Written by\" \/>\n\t<meta name=\"twitter:data1\" content=\"Ariel Dillon\" \/>\n\t<meta name=\"twitter:label2\" content=\"Est. reading time\" \/>\n\t<meta name=\"twitter:data2\" content=\"8 minutes\" \/>\n<script type=\"application\/ld+json\" class=\"yoast-schema-graph\">{\"@context\":\"https:\\\/\\\/schema.org\",\"@graph\":[{\"@type\":\"Article\",\"@id\":\"https:\\\/\\\/www.inclusionnb.ca\\\/fr\\\/le-parcours-de-zachary-vers-la-reussite-professionnelle\\\/#article\",\"isPartOf\":{\"@id\":\"https:\\\/\\\/www.inclusionnb.ca\\\/fr\\\/le-parcours-de-zachary-vers-la-reussite-professionnelle\\\/\"},\"author\":{\"name\":\"Ariel Dillon\",\"@id\":\"https:\\\/\\\/www.inclusionnb.ca\\\/fr\\\/#\\\/schema\\\/person\\\/270b5c0a3bee7cbeab6edae4c4dfb3c1\"},\"headline\":\"Le parcours de Zachary vers la r\u00e9ussite professionnelle\",\"datePublished\":\"2024-05-15T15:31:39+00:00\",\"dateModified\":\"2024-05-24T12:43:52+00:00\",\"mainEntityOfPage\":{\"@id\":\"https:\\\/\\\/www.inclusionnb.ca\\\/fr\\\/le-parcours-de-zachary-vers-la-reussite-professionnelle\\\/\"},\"wordCount\":1614,\"commentCount\":0,\"publisher\":{\"@id\":\"https:\\\/\\\/www.inclusionnb.ca\\\/fr\\\/#organization\"},\"image\":{\"@id\":\"https:\\\/\\\/www.inclusionnb.ca\\\/fr\\\/le-parcours-de-zachary-vers-la-reussite-professionnelle\\\/#primaryimage\"},\"thumbnailUrl\":\"https:\\\/\\\/www.inclusionnb.ca\\\/wp-content\\\/uploads\\\/2024\\\/05\\\/Portrait-Photography-109-scaled.jpg\",\"articleSection\":[\"T\u00e9moignage de r\u00e9ussite\"],\"inLanguage\":\"fr-FR\",\"potentialAction\":[{\"@type\":\"CommentAction\",\"name\":\"Comment\",\"target\":[\"https:\\\/\\\/www.inclusionnb.ca\\\/fr\\\/le-parcours-de-zachary-vers-la-reussite-professionnelle\\\/#respond\"]}]},{\"@type\":\"WebPage\",\"@id\":\"https:\\\/\\\/www.inclusionnb.ca\\\/fr\\\/le-parcours-de-zachary-vers-la-reussite-professionnelle\\\/\",\"url\":\"https:\\\/\\\/www.inclusionnb.ca\\\/fr\\\/le-parcours-de-zachary-vers-la-reussite-professionnelle\\\/\",\"name\":\"Le parcours de Zachary vers la r\u00e9ussite professionnelle - Inclusion NB\",\"isPartOf\":{\"@id\":\"https:\\\/\\\/www.inclusionnb.ca\\\/fr\\\/#website\"},\"primaryImageOfPage\":{\"@id\":\"https:\\\/\\\/www.inclusionnb.ca\\\/fr\\\/le-parcours-de-zachary-vers-la-reussite-professionnelle\\\/#primaryimage\"},\"image\":{\"@id\":\"https:\\\/\\\/www.inclusionnb.ca\\\/fr\\\/le-parcours-de-zachary-vers-la-reussite-professionnelle\\\/#primaryimage\"},\"thumbnailUrl\":\"https:\\\/\\\/www.inclusionnb.ca\\\/wp-content\\\/uploads\\\/2024\\\/05\\\/Portrait-Photography-109-scaled.jpg\",\"datePublished\":\"2024-05-15T15:31:39+00:00\",\"dateModified\":\"2024-05-24T12:43:52+00:00\",\"breadcrumb\":{\"@id\":\"https:\\\/\\\/www.inclusionnb.ca\\\/fr\\\/le-parcours-de-zachary-vers-la-reussite-professionnelle\\\/#breadcrumb\"},\"inLanguage\":\"fr-FR\",\"potentialAction\":[{\"@type\":\"ReadAction\",\"target\":[\"https:\\\/\\\/www.inclusionnb.ca\\\/fr\\\/le-parcours-de-zachary-vers-la-reussite-professionnelle\\\/\"]}]},{\"@type\":\"ImageObject\",\"inLanguage\":\"fr-FR\",\"@id\":\"https:\\\/\\\/www.inclusionnb.ca\\\/fr\\\/le-parcours-de-zachary-vers-la-reussite-professionnelle\\\/#primaryimage\",\"url\":\"https:\\\/\\\/www.inclusionnb.ca\\\/wp-content\\\/uploads\\\/2024\\\/05\\\/Portrait-Photography-109-scaled.jpg\",\"contentUrl\":\"https:\\\/\\\/www.inclusionnb.ca\\\/wp-content\\\/uploads\\\/2024\\\/05\\\/Portrait-Photography-109-scaled.jpg\",\"width\":2560,\"height\":1707},{\"@type\":\"BreadcrumbList\",\"@id\":\"https:\\\/\\\/www.inclusionnb.ca\\\/fr\\\/le-parcours-de-zachary-vers-la-reussite-professionnelle\\\/#breadcrumb\",\"itemListElement\":[{\"@type\":\"ListItem\",\"position\":1,\"name\":\"Home\",\"item\":\"https:\\\/\\\/www.inclusionnb.ca\\\/fr\\\/\"},{\"@type\":\"ListItem\",\"position\":2,\"name\":\"Le parcours de Zachary vers la r\u00e9ussite professionnelle\"}]},{\"@type\":\"WebSite\",\"@id\":\"https:\\\/\\\/www.inclusionnb.ca\\\/fr\\\/#website\",\"url\":\"https:\\\/\\\/www.inclusionnb.ca\\\/fr\\\/\",\"name\":\"Inclusion NB\",\"description\":\"Creating opportunities for people with an intellectual or developmental disability.\",\"publisher\":{\"@id\":\"https:\\\/\\\/www.inclusionnb.ca\\\/fr\\\/#organization\"},\"potentialAction\":[{\"@type\":\"SearchAction\",\"target\":{\"@type\":\"EntryPoint\",\"urlTemplate\":\"https:\\\/\\\/www.inclusionnb.ca\\\/fr\\\/?s={search_term_string}\"},\"query-input\":{\"@type\":\"PropertyValueSpecification\",\"valueRequired\":true,\"valueName\":\"search_term_string\"}}],\"inLanguage\":\"fr-FR\"},{\"@type\":\"Organization\",\"@id\":\"https:\\\/\\\/www.inclusionnb.ca\\\/fr\\\/#organization\",\"name\":\"Inclusion NB\",\"url\":\"https:\\\/\\\/www.inclusionnb.ca\\\/fr\\\/\",\"logo\":{\"@type\":\"ImageObject\",\"inLanguage\":\"fr-FR\",\"@id\":\"https:\\\/\\\/www.inclusionnb.ca\\\/fr\\\/#\\\/schema\\\/logo\\\/image\\\/\",\"url\":\"https:\\\/\\\/www.inclusionnb.ca\\\/wp-content\\\/uploads\\\/2023\\\/05\\\/InclusionNB-logo.svg\",\"contentUrl\":\"https:\\\/\\\/www.inclusionnb.ca\\\/wp-content\\\/uploads\\\/2023\\\/05\\\/InclusionNB-logo.svg\",\"width\":215,\"height\":44,\"caption\":\"Inclusion NB\"},\"image\":{\"@id\":\"https:\\\/\\\/www.inclusionnb.ca\\\/fr\\\/#\\\/schema\\\/logo\\\/image\\\/\"},\"sameAs\":[\"http:\\\/\\\/facebook.com\\\/inclusionnb\",\"https:\\\/\\\/x.com\\\/InclusionNB\",\"https:\\\/\\\/www.instagram.com\\\/inclusionnb\\\/\",\"https:\\\/\\\/www.linkedin.com\\\/company\\\/inclusionnb\"]},{\"@type\":\"Person\",\"@id\":\"https:\\\/\\\/www.inclusionnb.ca\\\/fr\\\/#\\\/schema\\\/person\\\/270b5c0a3bee7cbeab6edae4c4dfb3c1\",\"name\":\"Ariel Dillon\",\"image\":{\"@type\":\"ImageObject\",\"inLanguage\":\"fr-FR\",\"@id\":\"https:\\\/\\\/secure.gravatar.com\\\/avatar\\\/a5773216f1f97887273985da66b978637b977601e483de650568f6c5e2625241?s=96&d=mm&r=g\",\"url\":\"https:\\\/\\\/secure.gravatar.com\\\/avatar\\\/a5773216f1f97887273985da66b978637b977601e483de650568f6c5e2625241?s=96&d=mm&r=g\",\"contentUrl\":\"https:\\\/\\\/secure.gravatar.com\\\/avatar\\\/a5773216f1f97887273985da66b978637b977601e483de650568f6c5e2625241?s=96&d=mm&r=g\",\"caption\":\"Ariel Dillon\"},\"url\":\"https:\\\/\\\/www.inclusionnb.ca\\\/fr\\\/author\\\/adillon\\\/\"}]}<\/script>\n<!-- \/ Yoast SEO plugin. -->","yoast_head_json":{"title":"Le parcours de Zachary vers la r\u00e9ussite professionnelle - Inclusion NB","robots":{"index":"index","follow":"follow","max-snippet":"max-snippet:-1","max-image-preview":"max-image-preview:large","max-video-preview":"max-video-preview:-1"},"canonical":"https:\/\/www.inclusionnb.ca\/fr\/le-parcours-de-zachary-vers-la-reussite-professionnelle\/","og_locale":"fr_FR","og_type":"article","og_title":"Le parcours de Zachary vers la r\u00e9ussite professionnelle - Inclusion NB","og_url":"https:\/\/www.inclusionnb.ca\/fr\/le-parcours-de-zachary-vers-la-reussite-professionnelle\/","og_site_name":"Inclusion NB","article_publisher":"http:\/\/facebook.com\/inclusionnb","article_published_time":"2024-05-15T15:31:39+00:00","article_modified_time":"2024-05-24T12:43:52+00:00","og_image":[{"width":2560,"height":1707,"url":"https:\/\/www.inclusionnb.ca\/wp-content\/uploads\/2024\/05\/Portrait-Photography-109-scaled.jpg","type":"image\/jpeg"}],"author":"Ariel Dillon","twitter_card":"summary_large_image","twitter_creator":"@InclusionNB","twitter_site":"@InclusionNB","twitter_misc":{"Written by":"Ariel Dillon","Est. reading time":"8 minutes"},"schema":{"@context":"https:\/\/schema.org","@graph":[{"@type":"Article","@id":"https:\/\/www.inclusionnb.ca\/fr\/le-parcours-de-zachary-vers-la-reussite-professionnelle\/#article","isPartOf":{"@id":"https:\/\/www.inclusionnb.ca\/fr\/le-parcours-de-zachary-vers-la-reussite-professionnelle\/"},"author":{"name":"Ariel Dillon","@id":"https:\/\/www.inclusionnb.ca\/fr\/#\/schema\/person\/270b5c0a3bee7cbeab6edae4c4dfb3c1"},"headline":"Le parcours de Zachary vers la r\u00e9ussite professionnelle","datePublished":"2024-05-15T15:31:39+00:00","dateModified":"2024-05-24T12:43:52+00:00","mainEntityOfPage":{"@id":"https:\/\/www.inclusionnb.ca\/fr\/le-parcours-de-zachary-vers-la-reussite-professionnelle\/"},"wordCount":1614,"commentCount":0,"publisher":{"@id":"https:\/\/www.inclusionnb.ca\/fr\/#organization"},"image":{"@id":"https:\/\/www.inclusionnb.ca\/fr\/le-parcours-de-zachary-vers-la-reussite-professionnelle\/#primaryimage"},"thumbnailUrl":"https:\/\/www.inclusionnb.ca\/wp-content\/uploads\/2024\/05\/Portrait-Photography-109-scaled.jpg","articleSection":["T\u00e9moignage de r\u00e9ussite"],"inLanguage":"fr-FR","potentialAction":[{"@type":"CommentAction","name":"Comment","target":["https:\/\/www.inclusionnb.ca\/fr\/le-parcours-de-zachary-vers-la-reussite-professionnelle\/#respond"]}]},{"@type":"WebPage","@id":"https:\/\/www.inclusionnb.ca\/fr\/le-parcours-de-zachary-vers-la-reussite-professionnelle\/","url":"https:\/\/www.inclusionnb.ca\/fr\/le-parcours-de-zachary-vers-la-reussite-professionnelle\/","name":"Le parcours de Zachary vers la r\u00e9ussite professionnelle - Inclusion NB","isPartOf":{"@id":"https:\/\/www.inclusionnb.ca\/fr\/#website"},"primaryImageOfPage":{"@id":"https:\/\/www.inclusionnb.ca\/fr\/le-parcours-de-zachary-vers-la-reussite-professionnelle\/#primaryimage"},"image":{"@id":"https:\/\/www.inclusionnb.ca\/fr\/le-parcours-de-zachary-vers-la-reussite-professionnelle\/#primaryimage"},"thumbnailUrl":"https:\/\/www.inclusionnb.ca\/wp-content\/uploads\/2024\/05\/Portrait-Photography-109-scaled.jpg","datePublished":"2024-05-15T15:31:39+00:00","dateModified":"2024-05-24T12:43:52+00:00","breadcrumb":{"@id":"https:\/\/www.inclusionnb.ca\/fr\/le-parcours-de-zachary-vers-la-reussite-professionnelle\/#breadcrumb"},"inLanguage":"fr-FR","potentialAction":[{"@type":"ReadAction","target":["https:\/\/www.inclusionnb.ca\/fr\/le-parcours-de-zachary-vers-la-reussite-professionnelle\/"]}]},{"@type":"ImageObject","inLanguage":"fr-FR","@id":"https:\/\/www.inclusionnb.ca\/fr\/le-parcours-de-zachary-vers-la-reussite-professionnelle\/#primaryimage","url":"https:\/\/www.inclusionnb.ca\/wp-content\/uploads\/2024\/05\/Portrait-Photography-109-scaled.jpg","contentUrl":"https:\/\/www.inclusionnb.ca\/wp-content\/uploads\/2024\/05\/Portrait-Photography-109-scaled.jpg","width":2560,"height":1707},{"@type":"BreadcrumbList","@id":"https:\/\/www.inclusionnb.ca\/fr\/le-parcours-de-zachary-vers-la-reussite-professionnelle\/#breadcrumb","itemListElement":[{"@type":"ListItem","position":1,"name":"Home","item":"https:\/\/www.inclusionnb.ca\/fr\/"},{"@type":"ListItem","position":2,"name":"Le parcours de Zachary vers la r\u00e9ussite professionnelle"}]},{"@type":"WebSite","@id":"https:\/\/www.inclusionnb.ca\/fr\/#website","url":"https:\/\/www.inclusionnb.ca\/fr\/","name":"Inclusion NB","description":"Creating opportunities for people with an intellectual or developmental disability.","publisher":{"@id":"https:\/\/www.inclusionnb.ca\/fr\/#organization"},"potentialAction":[{"@type":"SearchAction","target":{"@type":"EntryPoint","urlTemplate":"https:\/\/www.inclusionnb.ca\/fr\/?s={search_term_string}"},"query-input":{"@type":"PropertyValueSpecification","valueRequired":true,"valueName":"search_term_string"}}],"inLanguage":"fr-FR"},{"@type":"Organization","@id":"https:\/\/www.inclusionnb.ca\/fr\/#organization","name":"Inclusion NB","url":"https:\/\/www.inclusionnb.ca\/fr\/","logo":{"@type":"ImageObject","inLanguage":"fr-FR","@id":"https:\/\/www.inclusionnb.ca\/fr\/#\/schema\/logo\/image\/","url":"https:\/\/www.inclusionnb.ca\/wp-content\/uploads\/2023\/05\/InclusionNB-logo.svg","contentUrl":"https:\/\/www.inclusionnb.ca\/wp-content\/uploads\/2023\/05\/InclusionNB-logo.svg","width":215,"height":44,"caption":"Inclusion NB"},"image":{"@id":"https:\/\/www.inclusionnb.ca\/fr\/#\/schema\/logo\/image\/"},"sameAs":["http:\/\/facebook.com\/inclusionnb","https:\/\/x.com\/InclusionNB","https:\/\/www.instagram.com\/inclusionnb\/","https:\/\/www.linkedin.com\/company\/inclusionnb"]},{"@type":"Person","@id":"https:\/\/www.inclusionnb.ca\/fr\/#\/schema\/person\/270b5c0a3bee7cbeab6edae4c4dfb3c1","name":"Ariel Dillon","image":{"@type":"ImageObject","inLanguage":"fr-FR","@id":"https:\/\/secure.gravatar.com\/avatar\/a5773216f1f97887273985da66b978637b977601e483de650568f6c5e2625241?s=96&d=mm&r=g","url":"https:\/\/secure.gravatar.com\/avatar\/a5773216f1f97887273985da66b978637b977601e483de650568f6c5e2625241?s=96&d=mm&r=g","contentUrl":"https:\/\/secure.gravatar.com\/avatar\/a5773216f1f97887273985da66b978637b977601e483de650568f6c5e2625241?s=96&d=mm&r=g","caption":"Ariel Dillon"},"url":"https:\/\/www.inclusionnb.ca\/fr\/author\/adillon\/"}]}},"_links":{"self":[{"href":"https:\/\/www.inclusionnb.ca\/fr\/wp-json\/wp\/v2\/posts\/1366","targetHints":{"allow":["GET"]}}],"collection":[{"href":"https:\/\/www.inclusionnb.ca\/fr\/wp-json\/wp\/v2\/posts"}],"about":[{"href":"https:\/\/www.inclusionnb.ca\/fr\/wp-json\/wp\/v2\/types\/post"}],"author":[{"embeddable":true,"href":"https:\/\/www.inclusionnb.ca\/fr\/wp-json\/wp\/v2\/users\/2"}],"replies":[{"embeddable":true,"href":"https:\/\/www.inclusionnb.ca\/fr\/wp-json\/wp\/v2\/comments?post=1366"}],"version-history":[{"count":0,"href":"https:\/\/www.inclusionnb.ca\/fr\/wp-json\/wp\/v2\/posts\/1366\/revisions"}],"wp:featuredmedia":[{"embeddable":true,"href":"https:\/\/www.inclusionnb.ca\/fr\/wp-json\/wp\/v2\/media\/1290"}],"wp:attachment":[{"href":"https:\/\/www.inclusionnb.ca\/fr\/wp-json\/wp\/v2\/media?parent=1366"}],"wp:term":[{"taxonomy":"category","embeddable":true,"href":"https:\/\/www.inclusionnb.ca\/fr\/wp-json\/wp\/v2\/categories?post=1366"},{"taxonomy":"post_tag","embeddable":true,"href":"https:\/\/www.inclusionnb.ca\/fr\/wp-json\/wp\/v2\/tags?post=1366"}],"curies":[{"name":"wp","href":"https:\/\/api.w.org\/{rel}","templated":true}]}}