{"id":1367,"date":"2024-05-15T12:41:04","date_gmt":"2024-05-15T15:41:04","guid":{"rendered":"https:\/\/www.inclusionnb.ca\/suite-se-forger-une-vie-inclusive-et-independante\/"},"modified":"2024-05-24T09:50:30","modified_gmt":"2024-05-24T12:50:30","slug":"suite-se-forger-une-vie-inclusive-et-independante","status":"publish","type":"post","link":"https:\/\/www.inclusionnb.ca\/fr\/suite-se-forger-une-vie-inclusive-et-independante\/","title":{"rendered":"SUITE : Se forger une vie inclusive et ind\u00e9pendante"},"content":{"rendered":"<p><div class=\"fusion-fullwidth fullwidth-box fusion-builder-row-1 fusion-flex-container nonhundred-percent-fullwidth non-hundred-percent-height-scrolling\" style=\"--awb-border-radius-top-left:0px;--awb-border-radius-top-right:0px;--awb-border-radius-bottom-right:0px;--awb-border-radius-bottom-left:0px;--awb-flex-wrap:wrap;\" ><div class=\"fusion-builder-row fusion-row fusion-flex-align-items-flex-start fusion-flex-content-wrap\" style=\"max-width:1248px;margin-left: calc(-4% \/ 2 );margin-right: calc(-4% \/ 2 );\"><div class=\"fusion-layout-column fusion_builder_column fusion-builder-column-0 fusion_builder_column_1_1 1_1 fusion-flex-column\" style=\"--awb-bg-blend:overlay;--awb-bg-size:cover;--awb-width-large:100%;--awb-margin-top-large:0px;--awb-spacing-right-large:1.92%;--awb-margin-bottom-large:0px;--awb-spacing-left-large:1.92%;--awb-width-medium:100%;--awb-spacing-right-medium:1.92%;--awb-spacing-left-medium:1.92%;--awb-width-small:100%;--awb-spacing-right-small:1.92%;--awb-spacing-left-small:1.92%;\"><div class=\"fusion-column-wrapper fusion-flex-justify-content-flex-start fusion-content-layout-column\"><div class=\"fusion-text fusion-text-1\"><p>Au c\u0153ur de Bathurst, au Nouveau-Brunswick, nous revoyons Matthew Brown, un jeune homme de 37 ans, alors qu&#8217;il poursuit son voyage vers l&#8217;ind\u00e9pendance. Pour en savoir plus sur Matthew, vous pouvez trouver la premi\u00e8re partie de son histoire ici : <a href=\"https:\/\/www.inclusionnb.ca\/fr\/un-objectif-de-vie-autonome\/\" target=\"_blank\" rel=\"noopener noreferrer\">Se forger une vie inclusive et ind\u00e9pendante<\/a>. <\/p>\n<p>Nous voulions partager avec vous une nouvelle excitante : Matthew a maintenant atteint l&#8217;un de ses objectifs, celui de vivre de fa\u00e7on autonome.<\/p>\n<p>Apr\u00e8s avoir habit\u00e9 dans un centre d&#8217;aide \u00e0 la vie autonome pendant plusieurs ann\u00e9es, Matthew choisit maintenant o\u00f9 et comment il veut vivre dans son propre appartement.<\/p>\n<p>Son appartement se trouve tout pr\u00e8s de son lieu de travail, Giant Tiger, et Matthew peut facilement se rendre au travail et acc\u00e9der aux commodit\u00e9s des environs, comme le centre commercial et la biblioth\u00e8que.<\/p>\n<p>Le nouveau mode de vie de Matthew est un excellent exemple de logement inclusif : un logement s\u00fbr, abordable, physiquement accessible, proche des activit\u00e9s, des commodit\u00e9s et des services, et accueillant pour tout le monde dans le cadre d&#8217;am\u00e9nagements, de structures et de quartiers diversifi\u00e9s et dispers\u00e9s \u00e0 revenus mixtes.<\/p>\n<p>C&#8217;est Inclusion NB qui guidera Matthew dans cette phase de transformation. Nous allons continuer \u00e0 soutenir Matthew alors qu&#8217;il fait l&#8217;exp\u00e9rience de nouvelles situations li\u00e9es \u00e0 la vie autonome, comme l&#8217;\u00e9tablissement d&#8217;un budget, avec d\u00e9brouillardise et de confiance. Notre \u00e9quipe a \u00e9galement fait appel \u00e0 des partenaires communautaires pour s&#8217;assurer que Matthew dispose de tout ce dont il a besoin pour une transition r\u00e9ussie, comme des meubles et des articles m\u00e9nagers essentiels.  <\/p>\n<p>Chez Tigre G\u00e9ant, l&#8217;enthousiasme et l&#8217;\u00e9thique de travail de Matthew rayonnent. Il tisse des liens significatifs avec ses coll\u00e8gues et \u00e9tablit une relation avec le propri\u00e9taire de la franchise du magasin, favorisant un environnement de travail positif o\u00f9 il peut s&#8217;\u00e9panouir. <\/p>\n<p>\u00ab Il appr\u00e9cie le travail que je fais \u00bb.<\/p>\n<p>Alors que Matthew s&#8217;installe dans sa nouvelle maison, il a h\u00e2te de pouvoir d\u00e9velopper ses comp\u00e9tences culinaires. D\u00e9sireux d&#8217;am\u00e9liorer ses comp\u00e9tences culinaires, il se donne pour objectif de ma\u00eetriser de nouvelles recettes et d&#8217;exp\u00e9rimenter dans la cuisine. <\/p>\n<p>\u00ab Apprendre \u00e0 \u00eatre plus ind\u00e9pendant, comme apprendre \u00e0 faire plus de choses tout seul, et cuisiner tout seul, voil\u00e0 mes prochains objectifs. \u00bb<\/p>\n<\/div><div class=\"fusion-slider-sc\"><div class=\"fusion-flexslider-loading flexslider flexslider-hover-type-none\" data-slideshow_autoplay=\"0\" data-slideshow_smooth_height=\"0\" data-slideshow_speed=\"7000\" style=\"max-width:100%;height:100%;\"><ul class=\"slides\"><li class=\"image\"><span class=\"fusion-image-hover-element hover-type-none\"><img decoding=\"async\" src=\"https:\/\/www.inclusionnb.ca\/wp-content\/uploads\/2024\/05\/008-InclusionNB-Brown-Matthew-300x200.jpg\" width=\"300\" height=\"200\" class=\"wp-image-1299\" srcset=\"https:\/\/www.inclusionnb.ca\/wp-content\/uploads\/2024\/05\/008-InclusionNB-Brown-Matthew-200x133.jpg 200w, https:\/\/www.inclusionnb.ca\/wp-content\/uploads\/2024\/05\/008-InclusionNB-Brown-Matthew-400x267.jpg 400w, https:\/\/www.inclusionnb.ca\/wp-content\/uploads\/2024\/05\/008-InclusionNB-Brown-Matthew-600x400.jpg 600w, https:\/\/www.inclusionnb.ca\/wp-content\/uploads\/2024\/05\/008-InclusionNB-Brown-Matthew-800x533.jpg 800w, https:\/\/www.inclusionnb.ca\/wp-content\/uploads\/2024\/05\/008-InclusionNB-Brown-Matthew.jpg 1200w\" sizes=\"(max-width: 640px) 100vw, 300px\" \/><\/span><\/li><\/ul><\/div><\/div><\/div><\/div><\/div><\/div><div class=\"fusion-fullwidth fullwidth-box fusion-builder-row-2 fusion-flex-container has-pattern-background has-mask-background nonhundred-percent-fullwidth non-hundred-percent-height-scrolling\" style=\"--awb-border-radius-top-left:0px;--awb-border-radius-top-right:0px;--awb-border-radius-bottom-right:0px;--awb-border-radius-bottom-left:0px;--awb-flex-wrap:wrap;\" ><div class=\"fusion-builder-row fusion-row fusion-flex-align-items-flex-start fusion-flex-content-wrap\" style=\"max-width:1248px;margin-left: calc(-4% \/ 2 );margin-right: calc(-4% \/ 2 );\"><div class=\"fusion-layout-column fusion_builder_column fusion-builder-column-1 fusion_builder_column_1_1 1_1 fusion-flex-column\" style=\"--awb-padding-top:18px;--awb-bg-size:cover;--awb-width-large:100%;--awb-margin-top-large:13px;--awb-spacing-right-large:1.92%;--awb-margin-bottom-large:20px;--awb-spacing-left-large:1.92%;--awb-width-medium:100%;--awb-order-medium:0;--awb-spacing-right-medium:1.92%;--awb-spacing-left-medium:1.92%;--awb-width-small:100%;--awb-order-small:0;--awb-spacing-right-small:1.92%;--awb-spacing-left-small:1.92%;\"><div class=\"fusion-column-wrapper fusion-column-has-shadow fusion-flex-justify-content-flex-start fusion-content-layout-column\"><div style=\"text-align:left;\"><a class=\"fusion-button button-flat fusion-button-default-size button-default fusion-button-default button-1 fusion-button-default-span fusion-button-default-type\" target=\"_self\" href=\"https:\/\/www.inclusionnb.ca\/fr\/notre-mouvement\/\"><i class=\"fa-book-open fas awb-button__icon awb-button__icon--default button-icon-left\" aria-hidden=\"true\"><\/i><span class=\"fusion-button-text awb-button__text awb-button__text--default\">Lire plus d\u2019histoires<\/span><\/a><\/div><\/div><\/div><\/div><\/div><\/p>\n","protected":false},"excerpt":{"rendered":"","protected":false},"author":2,"featured_media":1296,"comment_status":"open","ping_status":"open","sticky":false,"template":"","format":"standard","meta":{"_monsterinsights_skip_tracking":false,"_monsterinsights_sitenote_active":false,"_monsterinsights_sitenote_note":"","_monsterinsights_sitenote_category":0,"footnotes":""},"categories":[23],"tags":[],"class_list":["post-1367","post","type-post","status-publish","format-standard","has-post-thumbnail","hentry","category-temoignage-de-reussite"],"yoast_head":"<!-- This site is optimized with the Yoast SEO plugin v27.5 - https:\/\/yoast.com\/product\/yoast-seo-wordpress\/ -->\n<title>SUITE : Se forger une vie inclusive et ind\u00e9pendante - Inclusion NB<\/title>\n<meta name=\"robots\" content=\"index, follow, max-snippet:-1, max-image-preview:large, max-video-preview:-1\" \/>\n<link rel=\"canonical\" href=\"https:\/\/www.inclusionnb.ca\/fr\/suite-se-forger-une-vie-inclusive-et-independante\/\" \/>\n<meta property=\"og:locale\" content=\"fr_FR\" \/>\n<meta property=\"og:type\" content=\"article\" \/>\n<meta property=\"og:title\" content=\"SUITE : Se forger une vie inclusive et ind\u00e9pendante - Inclusion NB\" \/>\n<meta property=\"og:url\" content=\"https:\/\/www.inclusionnb.ca\/fr\/suite-se-forger-une-vie-inclusive-et-independante\/\" \/>\n<meta property=\"og:site_name\" content=\"Inclusion NB\" \/>\n<meta property=\"article:publisher\" content=\"http:\/\/facebook.com\/inclusionnb\" \/>\n<meta property=\"article:published_time\" content=\"2024-05-15T15:41:04+00:00\" \/>\n<meta property=\"article:modified_time\" content=\"2024-05-24T12:50:30+00:00\" \/>\n<meta property=\"og:image\" content=\"https:\/\/www.inclusionnb.ca\/wp-content\/uploads\/2024\/05\/035-InclusionNB-Brown-Matthew.jpg\" \/>\n\t<meta property=\"og:image:width\" content=\"1200\" \/>\n\t<meta property=\"og:image:height\" content=\"800\" \/>\n\t<meta property=\"og:image:type\" content=\"image\/jpeg\" \/>\n<meta name=\"author\" content=\"Ariel Dillon\" \/>\n<meta name=\"twitter:card\" content=\"summary_large_image\" \/>\n<meta name=\"twitter:creator\" content=\"@InclusionNB\" \/>\n<meta name=\"twitter:site\" content=\"@InclusionNB\" \/>\n<meta name=\"twitter:label1\" content=\"Written by\" \/>\n\t<meta name=\"twitter:data1\" content=\"Ariel Dillon\" \/>\n\t<meta name=\"twitter:label2\" content=\"Est. reading time\" \/>\n\t<meta name=\"twitter:data2\" content=\"5 minutes\" \/>\n<script type=\"application\/ld+json\" class=\"yoast-schema-graph\">{\"@context\":\"https:\\\/\\\/schema.org\",\"@graph\":[{\"@type\":\"Article\",\"@id\":\"https:\\\/\\\/www.inclusionnb.ca\\\/fr\\\/suite-se-forger-une-vie-inclusive-et-independante\\\/#article\",\"isPartOf\":{\"@id\":\"https:\\\/\\\/www.inclusionnb.ca\\\/fr\\\/suite-se-forger-une-vie-inclusive-et-independante\\\/\"},\"author\":{\"name\":\"Ariel Dillon\",\"@id\":\"https:\\\/\\\/www.inclusionnb.ca\\\/fr\\\/#\\\/schema\\\/person\\\/270b5c0a3bee7cbeab6edae4c4dfb3c1\"},\"headline\":\"SUITE : Se forger une vie inclusive et ind\u00e9pendante\",\"datePublished\":\"2024-05-15T15:41:04+00:00\",\"dateModified\":\"2024-05-24T12:50:30+00:00\",\"mainEntityOfPage\":{\"@id\":\"https:\\\/\\\/www.inclusionnb.ca\\\/fr\\\/suite-se-forger-une-vie-inclusive-et-independante\\\/\"},\"wordCount\":1089,\"commentCount\":0,\"publisher\":{\"@id\":\"https:\\\/\\\/www.inclusionnb.ca\\\/fr\\\/#organization\"},\"image\":{\"@id\":\"https:\\\/\\\/www.inclusionnb.ca\\\/fr\\\/suite-se-forger-une-vie-inclusive-et-independante\\\/#primaryimage\"},\"thumbnailUrl\":\"https:\\\/\\\/www.inclusionnb.ca\\\/wp-content\\\/uploads\\\/2024\\\/05\\\/035-InclusionNB-Brown-Matthew.jpg\",\"articleSection\":[\"T\u00e9moignage de r\u00e9ussite\"],\"inLanguage\":\"fr-FR\",\"potentialAction\":[{\"@type\":\"CommentAction\",\"name\":\"Comment\",\"target\":[\"https:\\\/\\\/www.inclusionnb.ca\\\/fr\\\/suite-se-forger-une-vie-inclusive-et-independante\\\/#respond\"]}]},{\"@type\":\"WebPage\",\"@id\":\"https:\\\/\\\/www.inclusionnb.ca\\\/fr\\\/suite-se-forger-une-vie-inclusive-et-independante\\\/\",\"url\":\"https:\\\/\\\/www.inclusionnb.ca\\\/fr\\\/suite-se-forger-une-vie-inclusive-et-independante\\\/\",\"name\":\"SUITE : Se forger une vie inclusive et ind\u00e9pendante - Inclusion NB\",\"isPartOf\":{\"@id\":\"https:\\\/\\\/www.inclusionnb.ca\\\/fr\\\/#website\"},\"primaryImageOfPage\":{\"@id\":\"https:\\\/\\\/www.inclusionnb.ca\\\/fr\\\/suite-se-forger-une-vie-inclusive-et-independante\\\/#primaryimage\"},\"image\":{\"@id\":\"https:\\\/\\\/www.inclusionnb.ca\\\/fr\\\/suite-se-forger-une-vie-inclusive-et-independante\\\/#primaryimage\"},\"thumbnailUrl\":\"https:\\\/\\\/www.inclusionnb.ca\\\/wp-content\\\/uploads\\\/2024\\\/05\\\/035-InclusionNB-Brown-Matthew.jpg\",\"datePublished\":\"2024-05-15T15:41:04+00:00\",\"dateModified\":\"2024-05-24T12:50:30+00:00\",\"breadcrumb\":{\"@id\":\"https:\\\/\\\/www.inclusionnb.ca\\\/fr\\\/suite-se-forger-une-vie-inclusive-et-independante\\\/#breadcrumb\"},\"inLanguage\":\"fr-FR\",\"potentialAction\":[{\"@type\":\"ReadAction\",\"target\":[\"https:\\\/\\\/www.inclusionnb.ca\\\/fr\\\/suite-se-forger-une-vie-inclusive-et-independante\\\/\"]}]},{\"@type\":\"ImageObject\",\"inLanguage\":\"fr-FR\",\"@id\":\"https:\\\/\\\/www.inclusionnb.ca\\\/fr\\\/suite-se-forger-une-vie-inclusive-et-independante\\\/#primaryimage\",\"url\":\"https:\\\/\\\/www.inclusionnb.ca\\\/wp-content\\\/uploads\\\/2024\\\/05\\\/035-InclusionNB-Brown-Matthew.jpg\",\"contentUrl\":\"https:\\\/\\\/www.inclusionnb.ca\\\/wp-content\\\/uploads\\\/2024\\\/05\\\/035-InclusionNB-Brown-Matthew.jpg\",\"width\":1200,\"height\":800},{\"@type\":\"BreadcrumbList\",\"@id\":\"https:\\\/\\\/www.inclusionnb.ca\\\/fr\\\/suite-se-forger-une-vie-inclusive-et-independante\\\/#breadcrumb\",\"itemListElement\":[{\"@type\":\"ListItem\",\"position\":1,\"name\":\"Home\",\"item\":\"https:\\\/\\\/www.inclusionnb.ca\\\/fr\\\/\"},{\"@type\":\"ListItem\",\"position\":2,\"name\":\"SUITE : Se forger une vie inclusive et ind\u00e9pendante\"}]},{\"@type\":\"WebSite\",\"@id\":\"https:\\\/\\\/www.inclusionnb.ca\\\/fr\\\/#website\",\"url\":\"https:\\\/\\\/www.inclusionnb.ca\\\/fr\\\/\",\"name\":\"Inclusion NB\",\"description\":\"Creating opportunities for people with an intellectual or developmental disability.\",\"publisher\":{\"@id\":\"https:\\\/\\\/www.inclusionnb.ca\\\/fr\\\/#organization\"},\"potentialAction\":[{\"@type\":\"SearchAction\",\"target\":{\"@type\":\"EntryPoint\",\"urlTemplate\":\"https:\\\/\\\/www.inclusionnb.ca\\\/fr\\\/?s={search_term_string}\"},\"query-input\":{\"@type\":\"PropertyValueSpecification\",\"valueRequired\":true,\"valueName\":\"search_term_string\"}}],\"inLanguage\":\"fr-FR\"},{\"@type\":\"Organization\",\"@id\":\"https:\\\/\\\/www.inclusionnb.ca\\\/fr\\\/#organization\",\"name\":\"Inclusion NB\",\"url\":\"https:\\\/\\\/www.inclusionnb.ca\\\/fr\\\/\",\"logo\":{\"@type\":\"ImageObject\",\"inLanguage\":\"fr-FR\",\"@id\":\"https:\\\/\\\/www.inclusionnb.ca\\\/fr\\\/#\\\/schema\\\/logo\\\/image\\\/\",\"url\":\"https:\\\/\\\/www.inclusionnb.ca\\\/wp-content\\\/uploads\\\/2023\\\/05\\\/InclusionNB-logo.svg\",\"contentUrl\":\"https:\\\/\\\/www.inclusionnb.ca\\\/wp-content\\\/uploads\\\/2023\\\/05\\\/InclusionNB-logo.svg\",\"width\":215,\"height\":44,\"caption\":\"Inclusion NB\"},\"image\":{\"@id\":\"https:\\\/\\\/www.inclusionnb.ca\\\/fr\\\/#\\\/schema\\\/logo\\\/image\\\/\"},\"sameAs\":[\"http:\\\/\\\/facebook.com\\\/inclusionnb\",\"https:\\\/\\\/x.com\\\/InclusionNB\",\"https:\\\/\\\/www.instagram.com\\\/inclusionnb\\\/\",\"https:\\\/\\\/www.linkedin.com\\\/company\\\/inclusionnb\"]},{\"@type\":\"Person\",\"@id\":\"https:\\\/\\\/www.inclusionnb.ca\\\/fr\\\/#\\\/schema\\\/person\\\/270b5c0a3bee7cbeab6edae4c4dfb3c1\",\"name\":\"Ariel Dillon\",\"image\":{\"@type\":\"ImageObject\",\"inLanguage\":\"fr-FR\",\"@id\":\"https:\\\/\\\/secure.gravatar.com\\\/avatar\\\/a5773216f1f97887273985da66b978637b977601e483de650568f6c5e2625241?s=96&d=mm&r=g\",\"url\":\"https:\\\/\\\/secure.gravatar.com\\\/avatar\\\/a5773216f1f97887273985da66b978637b977601e483de650568f6c5e2625241?s=96&d=mm&r=g\",\"contentUrl\":\"https:\\\/\\\/secure.gravatar.com\\\/avatar\\\/a5773216f1f97887273985da66b978637b977601e483de650568f6c5e2625241?s=96&d=mm&r=g\",\"caption\":\"Ariel Dillon\"},\"url\":\"https:\\\/\\\/www.inclusionnb.ca\\\/fr\\\/author\\\/adillon\\\/\"}]}<\/script>\n<!-- \/ Yoast SEO plugin. -->","yoast_head_json":{"title":"SUITE : Se forger une vie inclusive et ind\u00e9pendante - Inclusion NB","robots":{"index":"index","follow":"follow","max-snippet":"max-snippet:-1","max-image-preview":"max-image-preview:large","max-video-preview":"max-video-preview:-1"},"canonical":"https:\/\/www.inclusionnb.ca\/fr\/suite-se-forger-une-vie-inclusive-et-independante\/","og_locale":"fr_FR","og_type":"article","og_title":"SUITE : Se forger une vie inclusive et ind\u00e9pendante - Inclusion NB","og_url":"https:\/\/www.inclusionnb.ca\/fr\/suite-se-forger-une-vie-inclusive-et-independante\/","og_site_name":"Inclusion NB","article_publisher":"http:\/\/facebook.com\/inclusionnb","article_published_time":"2024-05-15T15:41:04+00:00","article_modified_time":"2024-05-24T12:50:30+00:00","og_image":[{"width":1200,"height":800,"url":"https:\/\/www.inclusionnb.ca\/wp-content\/uploads\/2024\/05\/035-InclusionNB-Brown-Matthew.jpg","type":"image\/jpeg"}],"author":"Ariel Dillon","twitter_card":"summary_large_image","twitter_creator":"@InclusionNB","twitter_site":"@InclusionNB","twitter_misc":{"Written by":"Ariel Dillon","Est. reading time":"5 minutes"},"schema":{"@context":"https:\/\/schema.org","@graph":[{"@type":"Article","@id":"https:\/\/www.inclusionnb.ca\/fr\/suite-se-forger-une-vie-inclusive-et-independante\/#article","isPartOf":{"@id":"https:\/\/www.inclusionnb.ca\/fr\/suite-se-forger-une-vie-inclusive-et-independante\/"},"author":{"name":"Ariel Dillon","@id":"https:\/\/www.inclusionnb.ca\/fr\/#\/schema\/person\/270b5c0a3bee7cbeab6edae4c4dfb3c1"},"headline":"SUITE : Se forger une vie inclusive et ind\u00e9pendante","datePublished":"2024-05-15T15:41:04+00:00","dateModified":"2024-05-24T12:50:30+00:00","mainEntityOfPage":{"@id":"https:\/\/www.inclusionnb.ca\/fr\/suite-se-forger-une-vie-inclusive-et-independante\/"},"wordCount":1089,"commentCount":0,"publisher":{"@id":"https:\/\/www.inclusionnb.ca\/fr\/#organization"},"image":{"@id":"https:\/\/www.inclusionnb.ca\/fr\/suite-se-forger-une-vie-inclusive-et-independante\/#primaryimage"},"thumbnailUrl":"https:\/\/www.inclusionnb.ca\/wp-content\/uploads\/2024\/05\/035-InclusionNB-Brown-Matthew.jpg","articleSection":["T\u00e9moignage de r\u00e9ussite"],"inLanguage":"fr-FR","potentialAction":[{"@type":"CommentAction","name":"Comment","target":["https:\/\/www.inclusionnb.ca\/fr\/suite-se-forger-une-vie-inclusive-et-independante\/#respond"]}]},{"@type":"WebPage","@id":"https:\/\/www.inclusionnb.ca\/fr\/suite-se-forger-une-vie-inclusive-et-independante\/","url":"https:\/\/www.inclusionnb.ca\/fr\/suite-se-forger-une-vie-inclusive-et-independante\/","name":"SUITE : Se forger une vie inclusive et ind\u00e9pendante - Inclusion NB","isPartOf":{"@id":"https:\/\/www.inclusionnb.ca\/fr\/#website"},"primaryImageOfPage":{"@id":"https:\/\/www.inclusionnb.ca\/fr\/suite-se-forger-une-vie-inclusive-et-independante\/#primaryimage"},"image":{"@id":"https:\/\/www.inclusionnb.ca\/fr\/suite-se-forger-une-vie-inclusive-et-independante\/#primaryimage"},"thumbnailUrl":"https:\/\/www.inclusionnb.ca\/wp-content\/uploads\/2024\/05\/035-InclusionNB-Brown-Matthew.jpg","datePublished":"2024-05-15T15:41:04+00:00","dateModified":"2024-05-24T12:50:30+00:00","breadcrumb":{"@id":"https:\/\/www.inclusionnb.ca\/fr\/suite-se-forger-une-vie-inclusive-et-independante\/#breadcrumb"},"inLanguage":"fr-FR","potentialAction":[{"@type":"ReadAction","target":["https:\/\/www.inclusionnb.ca\/fr\/suite-se-forger-une-vie-inclusive-et-independante\/"]}]},{"@type":"ImageObject","inLanguage":"fr-FR","@id":"https:\/\/www.inclusionnb.ca\/fr\/suite-se-forger-une-vie-inclusive-et-independante\/#primaryimage","url":"https:\/\/www.inclusionnb.ca\/wp-content\/uploads\/2024\/05\/035-InclusionNB-Brown-Matthew.jpg","contentUrl":"https:\/\/www.inclusionnb.ca\/wp-content\/uploads\/2024\/05\/035-InclusionNB-Brown-Matthew.jpg","width":1200,"height":800},{"@type":"BreadcrumbList","@id":"https:\/\/www.inclusionnb.ca\/fr\/suite-se-forger-une-vie-inclusive-et-independante\/#breadcrumb","itemListElement":[{"@type":"ListItem","position":1,"name":"Home","item":"https:\/\/www.inclusionnb.ca\/fr\/"},{"@type":"ListItem","position":2,"name":"SUITE : Se forger une vie inclusive et ind\u00e9pendante"}]},{"@type":"WebSite","@id":"https:\/\/www.inclusionnb.ca\/fr\/#website","url":"https:\/\/www.inclusionnb.ca\/fr\/","name":"Inclusion NB","description":"Creating opportunities for people with an intellectual or developmental disability.","publisher":{"@id":"https:\/\/www.inclusionnb.ca\/fr\/#organization"},"potentialAction":[{"@type":"SearchAction","target":{"@type":"EntryPoint","urlTemplate":"https:\/\/www.inclusionnb.ca\/fr\/?s={search_term_string}"},"query-input":{"@type":"PropertyValueSpecification","valueRequired":true,"valueName":"search_term_string"}}],"inLanguage":"fr-FR"},{"@type":"Organization","@id":"https:\/\/www.inclusionnb.ca\/fr\/#organization","name":"Inclusion NB","url":"https:\/\/www.inclusionnb.ca\/fr\/","logo":{"@type":"ImageObject","inLanguage":"fr-FR","@id":"https:\/\/www.inclusionnb.ca\/fr\/#\/schema\/logo\/image\/","url":"https:\/\/www.inclusionnb.ca\/wp-content\/uploads\/2023\/05\/InclusionNB-logo.svg","contentUrl":"https:\/\/www.inclusionnb.ca\/wp-content\/uploads\/2023\/05\/InclusionNB-logo.svg","width":215,"height":44,"caption":"Inclusion NB"},"image":{"@id":"https:\/\/www.inclusionnb.ca\/fr\/#\/schema\/logo\/image\/"},"sameAs":["http:\/\/facebook.com\/inclusionnb","https:\/\/x.com\/InclusionNB","https:\/\/www.instagram.com\/inclusionnb\/","https:\/\/www.linkedin.com\/company\/inclusionnb"]},{"@type":"Person","@id":"https:\/\/www.inclusionnb.ca\/fr\/#\/schema\/person\/270b5c0a3bee7cbeab6edae4c4dfb3c1","name":"Ariel Dillon","image":{"@type":"ImageObject","inLanguage":"fr-FR","@id":"https:\/\/secure.gravatar.com\/avatar\/a5773216f1f97887273985da66b978637b977601e483de650568f6c5e2625241?s=96&d=mm&r=g","url":"https:\/\/secure.gravatar.com\/avatar\/a5773216f1f97887273985da66b978637b977601e483de650568f6c5e2625241?s=96&d=mm&r=g","contentUrl":"https:\/\/secure.gravatar.com\/avatar\/a5773216f1f97887273985da66b978637b977601e483de650568f6c5e2625241?s=96&d=mm&r=g","caption":"Ariel Dillon"},"url":"https:\/\/www.inclusionnb.ca\/fr\/author\/adillon\/"}]}},"_links":{"self":[{"href":"https:\/\/www.inclusionnb.ca\/fr\/wp-json\/wp\/v2\/posts\/1367","targetHints":{"allow":["GET"]}}],"collection":[{"href":"https:\/\/www.inclusionnb.ca\/fr\/wp-json\/wp\/v2\/posts"}],"about":[{"href":"https:\/\/www.inclusionnb.ca\/fr\/wp-json\/wp\/v2\/types\/post"}],"author":[{"embeddable":true,"href":"https:\/\/www.inclusionnb.ca\/fr\/wp-json\/wp\/v2\/users\/2"}],"replies":[{"embeddable":true,"href":"https:\/\/www.inclusionnb.ca\/fr\/wp-json\/wp\/v2\/comments?post=1367"}],"version-history":[{"count":0,"href":"https:\/\/www.inclusionnb.ca\/fr\/wp-json\/wp\/v2\/posts\/1367\/revisions"}],"wp:featuredmedia":[{"embeddable":true,"href":"https:\/\/www.inclusionnb.ca\/fr\/wp-json\/wp\/v2\/media\/1296"}],"wp:attachment":[{"href":"https:\/\/www.inclusionnb.ca\/fr\/wp-json\/wp\/v2\/media?parent=1367"}],"wp:term":[{"taxonomy":"category","embeddable":true,"href":"https:\/\/www.inclusionnb.ca\/fr\/wp-json\/wp\/v2\/categories?post=1367"},{"taxonomy":"post_tag","embeddable":true,"href":"https:\/\/www.inclusionnb.ca\/fr\/wp-json\/wp\/v2\/tags?post=1367"}],"curies":[{"name":"wp","href":"https:\/\/api.w.org\/{rel}","templated":true}]}}