{"id":1488,"date":"2024-09-03T10:04:30","date_gmt":"2024-09-03T13:04:30","guid":{"rendered":"https:\/\/www.inclusionnb.ca\/?p=1488"},"modified":"2024-09-03T10:04:31","modified_gmt":"2024-09-03T13:04:31","slug":"celebration-de-linclusion-scolaire","status":"publish","type":"post","link":"https:\/\/www.inclusionnb.ca\/fr\/celebration-de-linclusion-scolaire\/","title":{"rendered":"C\u00e9l\u00e9bration de l&#8217;inclusion scolaire"},"content":{"rendered":"<p><div class=\"fusion-fullwidth fullwidth-box fusion-builder-row-1 fusion-flex-container nonhundred-percent-fullwidth non-hundred-percent-height-scrolling\" style=\"--awb-border-radius-top-left:0px;--awb-border-radius-top-right:0px;--awb-border-radius-bottom-right:0px;--awb-border-radius-bottom-left:0px;--awb-flex-wrap:wrap;\" ><div class=\"fusion-builder-row fusion-row fusion-flex-align-items-flex-start fusion-flex-content-wrap\" style=\"max-width:1248px;margin-left: calc(-4% \/ 2 );margin-right: calc(-4% \/ 2 );\"><div class=\"fusion-layout-column fusion_builder_column fusion-builder-column-0 fusion_builder_column_1_1 1_1 fusion-flex-column\" style=\"--awb-bg-blend:overlay;--awb-bg-size:cover;--awb-width-large:100%;--awb-margin-top-large:0px;--awb-spacing-right-large:1.92%;--awb-margin-bottom-large:0px;--awb-spacing-left-large:1.92%;--awb-width-medium:100%;--awb-spacing-right-medium:1.92%;--awb-spacing-left-medium:1.92%;--awb-width-small:100%;--awb-spacing-right-small:1.92%;--awb-spacing-left-small:1.92%;\"><div class=\"fusion-column-wrapper fusion-flex-justify-content-flex-start fusion-content-layout-column\"><div class=\"fusion-text fusion-text-1\"><p><span style=\"color: var(--h3_typography-color); font-family: var(--h3_typography-font-family); font-size: var(--h3_typography-font-size); font-style: var(--h3_typography-font-style,normal); font-weight: var(--h3_typography-font-weight); letter-spacing: var(--h3_typography-letter-spacing); text-transform: var(--h3_typography-text-transform); text-align: var(--awb-content-alignment); background-color: var(--awb-bg-color-hover);\">Tinika Lowe et sa classe remarquable de 2e ann\u00e9e \u00e0 l'\u00e9cole Gesner Street Elementary<\/span><\/p>\n<p><i>En mai dernier, Tinika Lowe, enseignante \u00e0 l'\u00e9cole Gesner Street Elementary \u00e0 Oromocto, au Nouveau-Brunswick, et toute sa classe de deuxi\u00e8me ann\u00e9e ont re\u00e7u le Prix de l'inclusion scolaire 2024. Les efforts exceptionnels qu'elle a d\u00e9ploy\u00e9s pour favoriser un environnement inclusif ont non seulement transform\u00e9 sa classe, mais ont \u00e9galement inspir\u00e9 l'ensemble de la communaut\u00e9 scolaire. <\/i><\/p>\n<p>Le 11 juin 2024, la classe a \u00e9t\u00e9 invit\u00e9e chez la lieutenante-gouverneure, o\u00f9 chacun d'entre eux a re\u00e7u son propre prix de l'inclusion scolaire. Dans le cadre de cet \u00e9v\u00e9nement, ils ont \u00e9galement eu droit \u00e0 une visite du b\u00e2timent historique. <\/p>\n<h3>QR avec Tinika Lowe<\/h3>\n<p><strong>Q :<\/strong> <strong>Qu'est-ce qui vous a pouss\u00e9 \u00e0 favoriser un environnement aussi inclusif dans votre classe ? <\/strong><\/p>\n<p><strong>Tinika :<\/strong> <span class=\"TextRun SCXW227294702 BCX0\" lang=\"EN-US\" xml:lang=\"EN-US\" data-contrast=\"auto\"><span class=\"NormalTextRun SCXW227294702 BCX0\">La motivation est venue de mon d\u00e9sir de faire en sorte que chaque enfant se sente valoris\u00e9, respect\u00e9 et inclus. Parmi mes \u00e9l\u00e8ves se trouvent Caroline et Ellie, deux enfants ayant un handicap. J'ai donn\u00e9 le ton d\u00e8s le premier jour en am\u00e9nageant la salle de classe pour permettre \u00e0 chacun d'avoir un acc\u00e8s complet \u00e0 tous les espaces d'apprentissage. Cette petite action a d\u00e9clench\u00e9 des discussions sur l'inclusion et a aid\u00e9 tout le monde \u00e0 en comprendre l'importance.   <\/span><\/span><span class=\"TextRun SCXW227294702 BCX0\" lang=\"EN-US\" xml:lang=\"EN-US\" data-contrast=\"auto\"><span class=\"NormalTextRun SCXW227294702 BCX0\"> <\/span><\/span><\/p>\n<p><b><span data-contrast=\"auto\">Q : Comment avez-vous fait en sorte que Caroline et Ellie puissent participer \u00e0 toutes les activit\u00e9s de la classe et de l'\u00e9cole ?<\/span><\/b><span data-contrast=\"auto\"> <\/span><span data-ccp-props=\"\"> <\/span><\/p>\n<p><b><span data-contrast=\"auto\">Tinika :<\/span><\/b><span data-contrast=\"auto\"> Pendant l'heure de jeu, nous nous assurons que leurs fauteuils roulants peuvent aller jusqu'au tapis, ou nous trouvons des moyens pour qu'elles puissent aller sur le sol avec de l'aide. En dehors de la salle de classe, j'ai veill\u00e9 \u00e0 ce qu'elles puissent participer \u00e0 toutes les activit\u00e9s scolaires, qu'il s'agisse de se rendre \u00e0 la biblioth\u00e8que, d'assister \u00e0 des cours de musique ou de participer \u00e0 des activit\u00e9s de gymnastique. Cela cr\u00e9e un sentiment d'appartenance et garantit qu'elles ont les m\u00eames chances que leurs camarades.   <\/span><span data-ccp-props=\"\"> <\/span><\/p>\n<p><b><span data-contrast=\"auto\">Q : Comment partagez-vous les besoins et les objectifs uniques de Caroline et d'Ellie avec tout le monde ?<\/span><\/b><span data-contrast=\"auto\"> <\/span><span data-ccp-props=\"\"> <\/span><\/p>\n<p><b><span data-contrast=\"auto\">Tinika :<\/span><\/b><span data-contrast=\"auto\"> J'ai pris le temps d'expliquer en quoi le travail scolaire de Caroline et d'Ellie diff\u00e8re du leur, en insistant sur le fait qu'elles aussi apprennent et d\u00e9veloppent des comp\u00e9tences importantes. Cette communication ouverte a favoris\u00e9 une culture de l'empathie et de la compr\u00e9hension parmi les \u00e9l\u00e8ves. Ils sont d\u00e9sireux d'aider et de soutenir leurs camarades de classe et comprennent les besoins de Caroline et d'Ellie aussi bien que les assistants en \u00e9ducation.   <\/span><span data-ccp-props=\"\"> <\/span><\/p>\n<p><b><span data-contrast=\"auto\">Q : Pouvez-vous donner des exemples pr\u00e9cis de la mani\u00e8re dont la classe a d\u00e9montr\u00e9 son engagement en faveur de l'inclusion ?<\/span><\/b><span data-contrast=\"auto\"> <\/span><span data-ccp-props=\"\"> <\/span><\/p>\n<p><b><span data-contrast=\"auto\">Tinika :<\/span><\/b><span data-contrast=\"auto\"> Les \u00e9l\u00e8ves et les adultes de notre classe ont adopt\u00e9 l'esprit d'inclusion sans h\u00e9sitation. Ils commencent souvent les activit\u00e9s en demandant : \u00ab Et Ellie et Caroline ? \u00bb ou \u00ab Avez-vous veill\u00e9 \u00e0 ce qu'Ellie et Caroline soient incluses ? \u00bb. Pour les sorties scolaires, les \u00e9l\u00e8ves voulaient tous voyager dans l'autobus de Caroline afin de rester ensemble en tant que classe. Ils ont \u00e9crit une lettre au responsable des transports pour demander s'ils pouvaient tous voyager dans l'autobus de Caroline, ce qui nous a amen\u00e9s \u00e0 toujours r\u00e9server cet autobus pour nos excursions.   <\/span><span data-ccp-props=\"\"> <\/span><\/p>\n<p><span data-contrast=\"auto\"><b>Q : <\/b><\/span><span data-contrast=\"auto\"><b>Comment avez-vous impliqu\u00e9 la communaut\u00e9 scolaire dans vos efforts ?<\/b><\/span><span data-contrast=\"auto\"> <\/span><span data-ccp-props=\"\"> <\/span><\/p>\n<p><b><span data-contrast=\"auto\">Tinika :<\/span><\/b><span data-contrast=\"auto\"> Au d\u00e9but de l'ann\u00e9e scolaire, la m\u00e8re de Caroline, Kirsty Fletcher, a \u00e9t\u00e9 invit\u00e9e \u00e0 parler \u00e0 la classe des besoins m\u00e9dicaux de Caroline, notamment sa trach\u00e9otomie, sa sonde d'alimentation et d'autres \u00e9quipements. Ce dialogue ouvert a ouvert la voie \u00e0 une ann\u00e9e d'apprentissage, de compr\u00e9hension et de soutien mutuel. Nos efforts d'inclusion ont influenc\u00e9 l'ensemble de la communaut\u00e9 scolaire, encourageant d'autres enseignants \u00e0 adopter des pratiques similaires dans leurs propres classes.  <\/span><span data-ccp-props=\"\"> <\/span><\/p>\n<\/div><div class=\"fusion-image-carousel fusion-image-carousel-fixed fusion-image-carousel-1 fusion-carousel-border\"><div class=\"awb-carousel awb-swiper awb-swiper-carousel awb-carousel--carousel awb-swiper-dots-position-bottom\" data-layout=\"carousel\" data-autoplay=\"yes\" data-autoplayspeed=\"2500\" data-autoplaypause=\"no\" data-loop=\"yes\" data-columns=\"4\" data-columnsmedium=\"1\" data-columnssmall=\"1\" data-itemmargin=\"0\" data-itemwidth=\"180\" data-touchscroll=\"no\" data-freemode=\"no\" data-imagesize=\"fixed\" data-scrollitems=\"0\" data-centeredslides=\"no\" data-rotationangle=\"50\" data-depth=\"100\" data-speed=\"500\" data-shadow=\"no\" data-pagination=\"bullets\" style=\"--awb-columns:4;--awb-column-spacing:0px;--awb-border-width:1px;--awb-border-color:#e9eaee;\"><div class=\"swiper-wrapper awb-image-carousel-wrapper fusion-flex-align-items-center\"><div class=\"swiper-slide\"><div class=\"fusion-carousel-item-wrapper\"><div class=\"fusion-image-wrapper hover-type-none\"><img decoding=\"async\" width=\"320\" height=\"202\" src=\"https:\/\/www.inclusionnb.ca\/wp-content\/uploads\/2024\/09\/MG_9258-320x202.png\" class=\"attachment-blog-medium size-blog-medium\" alt=\"\" \/><\/div><\/div><\/div><div class=\"swiper-slide\"><div class=\"fusion-carousel-item-wrapper\"><div class=\"fusion-image-wrapper hover-type-none\"><img decoding=\"async\" width=\"320\" height=\"202\" src=\"https:\/\/www.inclusionnb.ca\/wp-content\/uploads\/2024\/09\/MG_9131-320x202.png\" class=\"attachment-blog-medium size-blog-medium\" alt=\"\" \/><\/div><\/div><\/div><div class=\"swiper-slide\"><div class=\"fusion-carousel-item-wrapper\"><div class=\"fusion-image-wrapper hover-type-none\"><img decoding=\"async\" width=\"320\" height=\"202\" src=\"https:\/\/www.inclusionnb.ca\/wp-content\/uploads\/2024\/09\/MG_9204-320x202.png\" class=\"attachment-blog-medium size-blog-medium\" alt=\"\" \/><\/div><\/div><\/div><div class=\"swiper-slide\"><div class=\"fusion-carousel-item-wrapper\"><div class=\"fusion-image-wrapper hover-type-none\"><img decoding=\"async\" width=\"320\" height=\"202\" src=\"https:\/\/www.inclusionnb.ca\/wp-content\/uploads\/2024\/09\/MG_9124-320x202.png\" class=\"attachment-blog-medium size-blog-medium\" alt=\"\" \/><\/div><\/div><\/div><div class=\"swiper-slide\"><div class=\"fusion-carousel-item-wrapper\"><div class=\"fusion-image-wrapper hover-type-none\"><img decoding=\"async\" width=\"320\" height=\"202\" src=\"https:\/\/www.inclusionnb.ca\/wp-content\/uploads\/2024\/09\/MG_9275-320x202.png\" class=\"attachment-blog-medium size-blog-medium\" alt=\"\" \/><\/div><\/div><\/div><div class=\"swiper-slide\"><div class=\"fusion-carousel-item-wrapper\"><div class=\"fusion-image-wrapper hover-type-none\"><img decoding=\"async\" width=\"320\" height=\"202\" src=\"https:\/\/www.inclusionnb.ca\/wp-content\/uploads\/2024\/09\/MG_9245-320x202.png\" class=\"attachment-blog-medium size-blog-medium\" alt=\"\" \/><\/div><\/div><\/div><div class=\"swiper-slide\"><div class=\"fusion-carousel-item-wrapper\"><div class=\"fusion-image-wrapper hover-type-none\"><img decoding=\"async\" width=\"320\" height=\"202\" src=\"https:\/\/www.inclusionnb.ca\/wp-content\/uploads\/2024\/09\/MG_9160-320x202.png\" class=\"attachment-blog-medium size-blog-medium\" alt=\"\" \/><\/div><\/div><\/div><div class=\"swiper-slide\"><div class=\"fusion-carousel-item-wrapper\"><div class=\"fusion-image-wrapper hover-type-none\"><img decoding=\"async\" width=\"320\" height=\"202\" src=\"https:\/\/www.inclusionnb.ca\/wp-content\/uploads\/2024\/09\/MG_9233-320x202.png\" class=\"attachment-blog-medium size-blog-medium\" alt=\"\" \/><\/div><\/div><\/div><div class=\"swiper-slide\"><div class=\"fusion-carousel-item-wrapper\"><div class=\"fusion-image-wrapper hover-type-none\"><img decoding=\"async\" width=\"320\" height=\"202\" src=\"https:\/\/www.inclusionnb.ca\/wp-content\/uploads\/2024\/09\/MG_9171-320x202.png\" class=\"attachment-blog-medium size-blog-medium\" alt=\"\" \/><\/div><\/div><\/div><div class=\"swiper-slide\"><div class=\"fusion-carousel-item-wrapper\"><div class=\"fusion-image-wrapper hover-type-none\"><img decoding=\"async\" width=\"320\" height=\"202\" src=\"https:\/\/www.inclusionnb.ca\/wp-content\/uploads\/2024\/09\/MG_9196-320x202.png\" class=\"attachment-blog-medium size-blog-medium\" alt=\"\" \/><\/div><\/div><\/div><div class=\"swiper-slide\"><div class=\"fusion-carousel-item-wrapper\"><div class=\"fusion-image-wrapper hover-type-none\"><img decoding=\"async\" width=\"320\" height=\"202\" src=\"https:\/\/www.inclusionnb.ca\/wp-content\/uploads\/2024\/09\/MG_9143-320x202.png\" class=\"attachment-blog-medium size-blog-medium\" alt=\"\" \/><\/div><\/div><\/div><div class=\"swiper-slide\"><div class=\"fusion-carousel-item-wrapper\"><div class=\"fusion-image-wrapper hover-type-none\"><img decoding=\"async\" width=\"320\" height=\"202\" src=\"https:\/\/www.inclusionnb.ca\/wp-content\/uploads\/2024\/09\/MG_9188-320x202.png\" class=\"attachment-blog-medium size-blog-medium\" alt=\"\" \/><\/div><\/div><\/div><div class=\"swiper-slide\"><div class=\"fusion-carousel-item-wrapper\"><div class=\"fusion-image-wrapper hover-type-none\"><img decoding=\"async\" width=\"320\" height=\"202\" src=\"https:\/\/www.inclusionnb.ca\/wp-content\/uploads\/2024\/09\/MG_9132-320x202.png\" class=\"attachment-blog-medium size-blog-medium\" alt=\"\" \/><\/div><\/div><\/div><div class=\"swiper-slide\"><div class=\"fusion-carousel-item-wrapper\"><div class=\"fusion-image-wrapper hover-type-none\"><img decoding=\"async\" width=\"320\" height=\"202\" src=\"https:\/\/www.inclusionnb.ca\/wp-content\/uploads\/2024\/09\/MG_9212-320x202.png\" class=\"attachment-blog-medium size-blog-medium\" alt=\"\" \/><\/div><\/div><\/div><div class=\"swiper-slide\"><div class=\"fusion-carousel-item-wrapper\"><div class=\"fusion-image-wrapper hover-type-none\"><img decoding=\"async\" width=\"320\" height=\"202\" src=\"https:\/\/www.inclusionnb.ca\/wp-content\/uploads\/2024\/09\/MG_9179-320x202.png\" class=\"attachment-blog-medium size-blog-medium\" alt=\"\" \/><\/div><\/div><\/div><div class=\"swiper-slide\"><div class=\"fusion-carousel-item-wrapper\"><div class=\"fusion-image-wrapper hover-type-none\"><img decoding=\"async\" width=\"320\" height=\"202\" src=\"https:\/\/www.inclusionnb.ca\/wp-content\/uploads\/2024\/09\/MG_9257-320x202.png\" class=\"attachment-blog-medium size-blog-medium\" alt=\"\" \/><\/div><\/div><\/div><\/div><div class=\"awb-swiper-button awb-swiper-button-prev\"><i class=\"awb-icon-angle-left\" aria-hidden=\"true\"><\/i><\/div><div class=\"awb-swiper-button awb-swiper-button-next\"><i class=\"awb-icon-angle-right\" aria-hidden=\"true\"><\/i><\/div><\/div><\/div><\/div><\/div><\/div><\/div><div class=\"fusion-fullwidth fullwidth-box fusion-builder-row-2 fusion-flex-container has-pattern-background has-mask-background nonhundred-percent-fullwidth non-hundred-percent-height-scrolling\" style=\"--awb-border-radius-top-left:0px;--awb-border-radius-top-right:0px;--awb-border-radius-bottom-right:0px;--awb-border-radius-bottom-left:0px;--awb-flex-wrap:wrap;\" ><div class=\"fusion-builder-row fusion-row fusion-flex-align-items-flex-start fusion-flex-content-wrap\" style=\"max-width:1248px;margin-left: calc(-4% \/ 2 );margin-right: calc(-4% \/ 2 );\"><div class=\"fusion-layout-column fusion_builder_column fusion-builder-column-1 fusion_builder_column_1_1 1_1 fusion-flex-column\" style=\"--awb-padding-top:18px;--awb-bg-size:cover;--awb-width-large:100%;--awb-margin-top-large:13px;--awb-spacing-right-large:1.92%;--awb-margin-bottom-large:20px;--awb-spacing-left-large:1.92%;--awb-width-medium:100%;--awb-order-medium:0;--awb-spacing-right-medium:1.92%;--awb-spacing-left-medium:1.92%;--awb-width-small:100%;--awb-order-small:0;--awb-spacing-right-small:1.92%;--awb-spacing-left-small:1.92%;\"><div class=\"fusion-column-wrapper fusion-column-has-shadow fusion-flex-justify-content-flex-start fusion-content-layout-column\"><div style=\"text-align:left;\"><a class=\"fusion-button button-flat fusion-button-default-size button-default fusion-button-default button-1 fusion-button-default-span fusion-button-default-type\" target=\"_self\" href=\"https:\/\/www.inclusionnb.ca\/fr\/notre-mouvement\/\"><i class=\"fa-book-open fas awb-button__icon awb-button__icon--default button-icon-left\" aria-hidden=\"true\"><\/i><span class=\"fusion-button-text awb-button__text awb-button__text--default\">Lire plus d\u2019histoires<\/span><\/a><\/div><\/div><\/div><\/div><\/div><\/p>\n","protected":false},"excerpt":{"rendered":"","protected":false},"author":2,"featured_media":1455,"comment_status":"open","ping_status":"open","sticky":false,"template":"","format":"standard","meta":{"_monsterinsights_skip_tracking":false,"_monsterinsights_sitenote_active":false,"_monsterinsights_sitenote_note":"","_monsterinsights_sitenote_category":0,"footnotes":""},"categories":[23],"tags":[],"class_list":["post-1488","post","type-post","status-publish","format-standard","has-post-thumbnail","hentry","category-temoignage-de-reussite"],"yoast_head":"<!-- This site is optimized with the Yoast SEO plugin v27.4 - https:\/\/yoast.com\/product\/yoast-seo-wordpress\/ -->\n<title>C\u00e9l\u00e9bration de l&#039;inclusion scolaire - Inclusion NB<\/title>\n<meta name=\"robots\" content=\"index, follow, max-snippet:-1, max-image-preview:large, max-video-preview:-1\" \/>\n<link rel=\"canonical\" href=\"https:\/\/www.inclusionnb.ca\/fr\/celebration-de-linclusion-scolaire\/\" \/>\n<meta property=\"og:locale\" content=\"fr_FR\" \/>\n<meta property=\"og:type\" content=\"article\" \/>\n<meta property=\"og:title\" content=\"C\u00e9l\u00e9bration de l&#039;inclusion scolaire - Inclusion NB\" \/>\n<meta property=\"og:url\" content=\"https:\/\/www.inclusionnb.ca\/fr\/celebration-de-linclusion-scolaire\/\" \/>\n<meta property=\"og:site_name\" content=\"Inclusion NB\" \/>\n<meta property=\"article:publisher\" content=\"http:\/\/facebook.com\/inclusionnb\" \/>\n<meta property=\"article:published_time\" content=\"2024-09-03T13:04:30+00:00\" \/>\n<meta property=\"article:modified_time\" content=\"2024-09-03T13:04:31+00:00\" \/>\n<meta property=\"og:image\" content=\"https:\/\/www.inclusionnb.ca\/wp-content\/uploads\/2024\/09\/IMG_0671-scaled.jpg\" \/>\n\t<meta property=\"og:image:width\" content=\"2560\" \/>\n\t<meta property=\"og:image:height\" content=\"1920\" \/>\n\t<meta property=\"og:image:type\" content=\"image\/jpeg\" \/>\n<meta name=\"author\" content=\"Ariel Dillon\" \/>\n<meta name=\"twitter:card\" content=\"summary_large_image\" \/>\n<meta name=\"twitter:creator\" content=\"@InclusionNB\" \/>\n<meta name=\"twitter:site\" content=\"@InclusionNB\" \/>\n<meta name=\"twitter:label1\" content=\"Written by\" \/>\n\t<meta name=\"twitter:data1\" content=\"Ariel Dillon\" \/>\n\t<meta name=\"twitter:label2\" content=\"Est. reading time\" \/>\n\t<meta name=\"twitter:data2\" content=\"8 minutes\" \/>\n<script type=\"application\/ld+json\" class=\"yoast-schema-graph\">{\"@context\":\"https:\\\/\\\/schema.org\",\"@graph\":[{\"@type\":\"Article\",\"@id\":\"https:\\\/\\\/www.inclusionnb.ca\\\/fr\\\/celebration-de-linclusion-scolaire\\\/#article\",\"isPartOf\":{\"@id\":\"https:\\\/\\\/www.inclusionnb.ca\\\/fr\\\/celebration-de-linclusion-scolaire\\\/\"},\"author\":{\"name\":\"Ariel Dillon\",\"@id\":\"https:\\\/\\\/www.inclusionnb.ca\\\/fr\\\/#\\\/schema\\\/person\\\/270b5c0a3bee7cbeab6edae4c4dfb3c1\"},\"headline\":\"C\u00e9l\u00e9bration de l&#8217;inclusion scolaire\",\"datePublished\":\"2024-09-03T13:04:30+00:00\",\"dateModified\":\"2024-09-03T13:04:31+00:00\",\"mainEntityOfPage\":{\"@id\":\"https:\\\/\\\/www.inclusionnb.ca\\\/fr\\\/celebration-de-linclusion-scolaire\\\/\"},\"wordCount\":1616,\"commentCount\":0,\"publisher\":{\"@id\":\"https:\\\/\\\/www.inclusionnb.ca\\\/fr\\\/#organization\"},\"image\":{\"@id\":\"https:\\\/\\\/www.inclusionnb.ca\\\/fr\\\/celebration-de-linclusion-scolaire\\\/#primaryimage\"},\"thumbnailUrl\":\"https:\\\/\\\/www.inclusionnb.ca\\\/wp-content\\\/uploads\\\/2024\\\/09\\\/IMG_0671-scaled.jpg\",\"articleSection\":[\"T\u00e9moignage de r\u00e9ussite\"],\"inLanguage\":\"fr-FR\",\"potentialAction\":[{\"@type\":\"CommentAction\",\"name\":\"Comment\",\"target\":[\"https:\\\/\\\/www.inclusionnb.ca\\\/fr\\\/celebration-de-linclusion-scolaire\\\/#respond\"]}]},{\"@type\":\"WebPage\",\"@id\":\"https:\\\/\\\/www.inclusionnb.ca\\\/fr\\\/celebration-de-linclusion-scolaire\\\/\",\"url\":\"https:\\\/\\\/www.inclusionnb.ca\\\/fr\\\/celebration-de-linclusion-scolaire\\\/\",\"name\":\"C\u00e9l\u00e9bration de l'inclusion scolaire - Inclusion NB\",\"isPartOf\":{\"@id\":\"https:\\\/\\\/www.inclusionnb.ca\\\/fr\\\/#website\"},\"primaryImageOfPage\":{\"@id\":\"https:\\\/\\\/www.inclusionnb.ca\\\/fr\\\/celebration-de-linclusion-scolaire\\\/#primaryimage\"},\"image\":{\"@id\":\"https:\\\/\\\/www.inclusionnb.ca\\\/fr\\\/celebration-de-linclusion-scolaire\\\/#primaryimage\"},\"thumbnailUrl\":\"https:\\\/\\\/www.inclusionnb.ca\\\/wp-content\\\/uploads\\\/2024\\\/09\\\/IMG_0671-scaled.jpg\",\"datePublished\":\"2024-09-03T13:04:30+00:00\",\"dateModified\":\"2024-09-03T13:04:31+00:00\",\"breadcrumb\":{\"@id\":\"https:\\\/\\\/www.inclusionnb.ca\\\/fr\\\/celebration-de-linclusion-scolaire\\\/#breadcrumb\"},\"inLanguage\":\"fr-FR\",\"potentialAction\":[{\"@type\":\"ReadAction\",\"target\":[\"https:\\\/\\\/www.inclusionnb.ca\\\/fr\\\/celebration-de-linclusion-scolaire\\\/\"]}]},{\"@type\":\"ImageObject\",\"inLanguage\":\"fr-FR\",\"@id\":\"https:\\\/\\\/www.inclusionnb.ca\\\/fr\\\/celebration-de-linclusion-scolaire\\\/#primaryimage\",\"url\":\"https:\\\/\\\/www.inclusionnb.ca\\\/wp-content\\\/uploads\\\/2024\\\/09\\\/IMG_0671-scaled.jpg\",\"contentUrl\":\"https:\\\/\\\/www.inclusionnb.ca\\\/wp-content\\\/uploads\\\/2024\\\/09\\\/IMG_0671-scaled.jpg\",\"width\":2560,\"height\":1920},{\"@type\":\"BreadcrumbList\",\"@id\":\"https:\\\/\\\/www.inclusionnb.ca\\\/fr\\\/celebration-de-linclusion-scolaire\\\/#breadcrumb\",\"itemListElement\":[{\"@type\":\"ListItem\",\"position\":1,\"name\":\"Home\",\"item\":\"https:\\\/\\\/www.inclusionnb.ca\\\/fr\\\/\"},{\"@type\":\"ListItem\",\"position\":2,\"name\":\"C\u00e9l\u00e9bration de l&#8217;inclusion scolaire\"}]},{\"@type\":\"WebSite\",\"@id\":\"https:\\\/\\\/www.inclusionnb.ca\\\/fr\\\/#website\",\"url\":\"https:\\\/\\\/www.inclusionnb.ca\\\/fr\\\/\",\"name\":\"Inclusion NB\",\"description\":\"Creating opportunities for people with an intellectual or developmental disability.\",\"publisher\":{\"@id\":\"https:\\\/\\\/www.inclusionnb.ca\\\/fr\\\/#organization\"},\"potentialAction\":[{\"@type\":\"SearchAction\",\"target\":{\"@type\":\"EntryPoint\",\"urlTemplate\":\"https:\\\/\\\/www.inclusionnb.ca\\\/fr\\\/?s={search_term_string}\"},\"query-input\":{\"@type\":\"PropertyValueSpecification\",\"valueRequired\":true,\"valueName\":\"search_term_string\"}}],\"inLanguage\":\"fr-FR\"},{\"@type\":\"Organization\",\"@id\":\"https:\\\/\\\/www.inclusionnb.ca\\\/fr\\\/#organization\",\"name\":\"Inclusion NB\",\"url\":\"https:\\\/\\\/www.inclusionnb.ca\\\/fr\\\/\",\"logo\":{\"@type\":\"ImageObject\",\"inLanguage\":\"fr-FR\",\"@id\":\"https:\\\/\\\/www.inclusionnb.ca\\\/fr\\\/#\\\/schema\\\/logo\\\/image\\\/\",\"url\":\"https:\\\/\\\/www.inclusionnb.ca\\\/wp-content\\\/uploads\\\/2023\\\/05\\\/InclusionNB-logo.svg\",\"contentUrl\":\"https:\\\/\\\/www.inclusionnb.ca\\\/wp-content\\\/uploads\\\/2023\\\/05\\\/InclusionNB-logo.svg\",\"width\":215,\"height\":44,\"caption\":\"Inclusion NB\"},\"image\":{\"@id\":\"https:\\\/\\\/www.inclusionnb.ca\\\/fr\\\/#\\\/schema\\\/logo\\\/image\\\/\"},\"sameAs\":[\"http:\\\/\\\/facebook.com\\\/inclusionnb\",\"https:\\\/\\\/x.com\\\/InclusionNB\",\"https:\\\/\\\/www.instagram.com\\\/inclusionnb\\\/\",\"https:\\\/\\\/www.linkedin.com\\\/company\\\/inclusionnb\"]},{\"@type\":\"Person\",\"@id\":\"https:\\\/\\\/www.inclusionnb.ca\\\/fr\\\/#\\\/schema\\\/person\\\/270b5c0a3bee7cbeab6edae4c4dfb3c1\",\"name\":\"Ariel Dillon\",\"image\":{\"@type\":\"ImageObject\",\"inLanguage\":\"fr-FR\",\"@id\":\"https:\\\/\\\/secure.gravatar.com\\\/avatar\\\/a5773216f1f97887273985da66b978637b977601e483de650568f6c5e2625241?s=96&d=mm&r=g\",\"url\":\"https:\\\/\\\/secure.gravatar.com\\\/avatar\\\/a5773216f1f97887273985da66b978637b977601e483de650568f6c5e2625241?s=96&d=mm&r=g\",\"contentUrl\":\"https:\\\/\\\/secure.gravatar.com\\\/avatar\\\/a5773216f1f97887273985da66b978637b977601e483de650568f6c5e2625241?s=96&d=mm&r=g\",\"caption\":\"Ariel Dillon\"},\"url\":\"https:\\\/\\\/www.inclusionnb.ca\\\/fr\\\/author\\\/adillon\\\/\"}]}<\/script>\n<!-- \/ Yoast SEO plugin. -->","yoast_head_json":{"title":"C\u00e9l\u00e9bration de l'inclusion scolaire - Inclusion NB","robots":{"index":"index","follow":"follow","max-snippet":"max-snippet:-1","max-image-preview":"max-image-preview:large","max-video-preview":"max-video-preview:-1"},"canonical":"https:\/\/www.inclusionnb.ca\/fr\/celebration-de-linclusion-scolaire\/","og_locale":"fr_FR","og_type":"article","og_title":"C\u00e9l\u00e9bration de l'inclusion scolaire - Inclusion NB","og_url":"https:\/\/www.inclusionnb.ca\/fr\/celebration-de-linclusion-scolaire\/","og_site_name":"Inclusion NB","article_publisher":"http:\/\/facebook.com\/inclusionnb","article_published_time":"2024-09-03T13:04:30+00:00","article_modified_time":"2024-09-03T13:04:31+00:00","og_image":[{"width":2560,"height":1920,"url":"https:\/\/www.inclusionnb.ca\/wp-content\/uploads\/2024\/09\/IMG_0671-scaled.jpg","type":"image\/jpeg"}],"author":"Ariel Dillon","twitter_card":"summary_large_image","twitter_creator":"@InclusionNB","twitter_site":"@InclusionNB","twitter_misc":{"Written by":"Ariel Dillon","Est. reading time":"8 minutes"},"schema":{"@context":"https:\/\/schema.org","@graph":[{"@type":"Article","@id":"https:\/\/www.inclusionnb.ca\/fr\/celebration-de-linclusion-scolaire\/#article","isPartOf":{"@id":"https:\/\/www.inclusionnb.ca\/fr\/celebration-de-linclusion-scolaire\/"},"author":{"name":"Ariel Dillon","@id":"https:\/\/www.inclusionnb.ca\/fr\/#\/schema\/person\/270b5c0a3bee7cbeab6edae4c4dfb3c1"},"headline":"C\u00e9l\u00e9bration de l&#8217;inclusion scolaire","datePublished":"2024-09-03T13:04:30+00:00","dateModified":"2024-09-03T13:04:31+00:00","mainEntityOfPage":{"@id":"https:\/\/www.inclusionnb.ca\/fr\/celebration-de-linclusion-scolaire\/"},"wordCount":1616,"commentCount":0,"publisher":{"@id":"https:\/\/www.inclusionnb.ca\/fr\/#organization"},"image":{"@id":"https:\/\/www.inclusionnb.ca\/fr\/celebration-de-linclusion-scolaire\/#primaryimage"},"thumbnailUrl":"https:\/\/www.inclusionnb.ca\/wp-content\/uploads\/2024\/09\/IMG_0671-scaled.jpg","articleSection":["T\u00e9moignage de r\u00e9ussite"],"inLanguage":"fr-FR","potentialAction":[{"@type":"CommentAction","name":"Comment","target":["https:\/\/www.inclusionnb.ca\/fr\/celebration-de-linclusion-scolaire\/#respond"]}]},{"@type":"WebPage","@id":"https:\/\/www.inclusionnb.ca\/fr\/celebration-de-linclusion-scolaire\/","url":"https:\/\/www.inclusionnb.ca\/fr\/celebration-de-linclusion-scolaire\/","name":"C\u00e9l\u00e9bration de l'inclusion scolaire - Inclusion NB","isPartOf":{"@id":"https:\/\/www.inclusionnb.ca\/fr\/#website"},"primaryImageOfPage":{"@id":"https:\/\/www.inclusionnb.ca\/fr\/celebration-de-linclusion-scolaire\/#primaryimage"},"image":{"@id":"https:\/\/www.inclusionnb.ca\/fr\/celebration-de-linclusion-scolaire\/#primaryimage"},"thumbnailUrl":"https:\/\/www.inclusionnb.ca\/wp-content\/uploads\/2024\/09\/IMG_0671-scaled.jpg","datePublished":"2024-09-03T13:04:30+00:00","dateModified":"2024-09-03T13:04:31+00:00","breadcrumb":{"@id":"https:\/\/www.inclusionnb.ca\/fr\/celebration-de-linclusion-scolaire\/#breadcrumb"},"inLanguage":"fr-FR","potentialAction":[{"@type":"ReadAction","target":["https:\/\/www.inclusionnb.ca\/fr\/celebration-de-linclusion-scolaire\/"]}]},{"@type":"ImageObject","inLanguage":"fr-FR","@id":"https:\/\/www.inclusionnb.ca\/fr\/celebration-de-linclusion-scolaire\/#primaryimage","url":"https:\/\/www.inclusionnb.ca\/wp-content\/uploads\/2024\/09\/IMG_0671-scaled.jpg","contentUrl":"https:\/\/www.inclusionnb.ca\/wp-content\/uploads\/2024\/09\/IMG_0671-scaled.jpg","width":2560,"height":1920},{"@type":"BreadcrumbList","@id":"https:\/\/www.inclusionnb.ca\/fr\/celebration-de-linclusion-scolaire\/#breadcrumb","itemListElement":[{"@type":"ListItem","position":1,"name":"Home","item":"https:\/\/www.inclusionnb.ca\/fr\/"},{"@type":"ListItem","position":2,"name":"C\u00e9l\u00e9bration de l&#8217;inclusion scolaire"}]},{"@type":"WebSite","@id":"https:\/\/www.inclusionnb.ca\/fr\/#website","url":"https:\/\/www.inclusionnb.ca\/fr\/","name":"Inclusion NB","description":"Creating opportunities for people with an intellectual or developmental disability.","publisher":{"@id":"https:\/\/www.inclusionnb.ca\/fr\/#organization"},"potentialAction":[{"@type":"SearchAction","target":{"@type":"EntryPoint","urlTemplate":"https:\/\/www.inclusionnb.ca\/fr\/?s={search_term_string}"},"query-input":{"@type":"PropertyValueSpecification","valueRequired":true,"valueName":"search_term_string"}}],"inLanguage":"fr-FR"},{"@type":"Organization","@id":"https:\/\/www.inclusionnb.ca\/fr\/#organization","name":"Inclusion NB","url":"https:\/\/www.inclusionnb.ca\/fr\/","logo":{"@type":"ImageObject","inLanguage":"fr-FR","@id":"https:\/\/www.inclusionnb.ca\/fr\/#\/schema\/logo\/image\/","url":"https:\/\/www.inclusionnb.ca\/wp-content\/uploads\/2023\/05\/InclusionNB-logo.svg","contentUrl":"https:\/\/www.inclusionnb.ca\/wp-content\/uploads\/2023\/05\/InclusionNB-logo.svg","width":215,"height":44,"caption":"Inclusion NB"},"image":{"@id":"https:\/\/www.inclusionnb.ca\/fr\/#\/schema\/logo\/image\/"},"sameAs":["http:\/\/facebook.com\/inclusionnb","https:\/\/x.com\/InclusionNB","https:\/\/www.instagram.com\/inclusionnb\/","https:\/\/www.linkedin.com\/company\/inclusionnb"]},{"@type":"Person","@id":"https:\/\/www.inclusionnb.ca\/fr\/#\/schema\/person\/270b5c0a3bee7cbeab6edae4c4dfb3c1","name":"Ariel Dillon","image":{"@type":"ImageObject","inLanguage":"fr-FR","@id":"https:\/\/secure.gravatar.com\/avatar\/a5773216f1f97887273985da66b978637b977601e483de650568f6c5e2625241?s=96&d=mm&r=g","url":"https:\/\/secure.gravatar.com\/avatar\/a5773216f1f97887273985da66b978637b977601e483de650568f6c5e2625241?s=96&d=mm&r=g","contentUrl":"https:\/\/secure.gravatar.com\/avatar\/a5773216f1f97887273985da66b978637b977601e483de650568f6c5e2625241?s=96&d=mm&r=g","caption":"Ariel Dillon"},"url":"https:\/\/www.inclusionnb.ca\/fr\/author\/adillon\/"}]}},"_links":{"self":[{"href":"https:\/\/www.inclusionnb.ca\/fr\/wp-json\/wp\/v2\/posts\/1488","targetHints":{"allow":["GET"]}}],"collection":[{"href":"https:\/\/www.inclusionnb.ca\/fr\/wp-json\/wp\/v2\/posts"}],"about":[{"href":"https:\/\/www.inclusionnb.ca\/fr\/wp-json\/wp\/v2\/types\/post"}],"author":[{"embeddable":true,"href":"https:\/\/www.inclusionnb.ca\/fr\/wp-json\/wp\/v2\/users\/2"}],"replies":[{"embeddable":true,"href":"https:\/\/www.inclusionnb.ca\/fr\/wp-json\/wp\/v2\/comments?post=1488"}],"version-history":[{"count":0,"href":"https:\/\/www.inclusionnb.ca\/fr\/wp-json\/wp\/v2\/posts\/1488\/revisions"}],"wp:featuredmedia":[{"embeddable":true,"href":"https:\/\/www.inclusionnb.ca\/fr\/wp-json\/wp\/v2\/media\/1455"}],"wp:attachment":[{"href":"https:\/\/www.inclusionnb.ca\/fr\/wp-json\/wp\/v2\/media?parent=1488"}],"wp:term":[{"taxonomy":"category","embeddable":true,"href":"https:\/\/www.inclusionnb.ca\/fr\/wp-json\/wp\/v2\/categories?post=1488"},{"taxonomy":"post_tag","embeddable":true,"href":"https:\/\/www.inclusionnb.ca\/fr\/wp-json\/wp\/v2\/tags?post=1488"}],"curies":[{"name":"wp","href":"https:\/\/api.w.org\/{rel}","templated":true}]}}