{"id":1716,"date":"2025-02-27T11:29:35","date_gmt":"2025-02-27T15:29:35","guid":{"rendered":"https:\/\/www.inclusionnb.ca\/?p=1716"},"modified":"2025-02-27T11:29:36","modified_gmt":"2025-02-27T15:29:36","slug":"quarante-ans-dinclusion-scolaire-au-nouveau-brunswick","status":"publish","type":"post","link":"https:\/\/www.inclusionnb.ca\/fr\/quarante-ans-dinclusion-scolaire-au-nouveau-brunswick\/","title":{"rendered":"Quarante ans d\u2019inclusion scolaire au Nouveau-Brunswick"},"content":{"rendered":"<p><div class=\"fusion-fullwidth fullwidth-box fusion-builder-row-1 fusion-flex-container nonhundred-percent-fullwidth non-hundred-percent-height-scrolling\" style=\"--awb-border-radius-top-left:0px;--awb-border-radius-top-right:0px;--awb-border-radius-bottom-right:0px;--awb-border-radius-bottom-left:0px;--awb-flex-wrap:wrap;\" ><div class=\"fusion-builder-row fusion-row fusion-flex-align-items-flex-start fusion-flex-content-wrap\" style=\"max-width:1248px;margin-left: calc(-4% \/ 2 );margin-right: calc(-4% \/ 2 );\"><div class=\"fusion-layout-column fusion_builder_column fusion-builder-column-0 fusion_builder_column_1_1 1_1 fusion-flex-column\" style=\"--awb-bg-blend:overlay;--awb-bg-size:cover;--awb-width-large:100%;--awb-margin-top-large:0px;--awb-spacing-right-large:1.92%;--awb-margin-bottom-large:0px;--awb-spacing-left-large:1.92%;--awb-width-medium:100%;--awb-spacing-right-medium:1.92%;--awb-spacing-left-medium:1.92%;--awb-width-small:100%;--awb-spacing-right-small:1.92%;--awb-spacing-left-small:1.92%;\"><div class=\"fusion-column-wrapper fusion-flex-justify-content-flex-start fusion-content-layout-column\"><div class=\"fusion-text fusion-text-1\"><p>F\u00e9vrier est le mois national de l\u2019inclusion scolaire et le moment id\u00e9al pour r\u00e9fl\u00e9chir \u00e0 tout ce qui a \u00e9t\u00e9 accompli et \u00e0 ce qui nous attend.<\/p>\n<p>En 1985, une action en justice innovante, men\u00e9e par un formidable groupe de trois familles de Saint John, \u00e9tait en cours. \u00c0 l\u2019\u00e9poque, la Loi sur l\u2019\u00e9ducation du Nouveau-Brunswick emp\u00eachait leurs enfants de faire partie des classes ordinaires \u00e0 l\u2019\u00e9cole. Ces parents ont entam\u00e9 la premi\u00e8re contestation de la Charte canadienne dans le domaine de l\u2019\u00e9ducation. En 1986, le gouvernement a introduit des modifications \u00e0 la Loi qui exigeaient que les \u00e9l\u00e8ves ayant un handicap soient \u00e9duqu\u00e9s dans le syst\u00e8me d\u2019\u00e9ducation ordinaire.   <\/p>\n<p><span style=\"color: var(--awb-text-color); font-family: var(--awb-text-font-family); font-size: var(--awb-font-size); font-style: var(--awb-text-font-style); font-weight: var(--awb-text-font-weight); letter-spacing: var(--awb-letter-spacing); text-align: var(--awb-content-alignment); text-transform: var(--awb-text-transform); background-color: var(--awb-bg-color-hover);\">L\u2019inclusion scolaire naquit, non seulement au Nouveau-Brunswick, mais aussi au Canada.<\/span><\/p>\n<p><span style=\"color: var(--awb-text-color); font-family: var(--awb-text-font-family); font-size: var(--awb-font-size); font-style: var(--awb-text-font-style); font-weight: var(--awb-text-font-weight); letter-spacing: var(--awb-letter-spacing); text-align: var(--awb-content-alignment); text-transform: var(--awb-text-transform); background-color: var(--awb-bg-color-hover);\">En 2013, le mouvement pour l\u2019inclusion scolaire a connu un nouveau jalon important\u202f: la\u202fmise en \u0153uvre de la Politique 322 \u2013 Inclusion scolaire par le minist\u00e8re de l\u2019\u00c9ducation et du D\u00e9veloppement de la petite enfance. Bien renseign\u00e9e et fond\u00e9e sur des faits probants, cette politique part du principe que l\u2019\u00e9ducation est un droit humain fondamental.<\/span><\/p>\n<p><span style=\"color: var(--awb-text-color); font-family: var(--awb-text-font-family); font-size: var(--awb-font-size); font-style: var(--awb-text-font-style); font-weight: var(--awb-text-font-weight); letter-spacing: var(--awb-letter-spacing); text-align: var(--awb-content-alignment); text-transform: var(--awb-text-transform); background-color: var(--awb-bg-color-hover);\">Plus pr\u00e9cis\u00e9ment, au Nouveau-Brunswick, chaque enfant a le droit d\u2019apprendre avec ses pairs dans l\u2019\u00e9cole de son quartier. Il s\u2019agit en fait de la pierre angulaire de la politique 322. <\/span><\/p>\n<p><span style=\"color: var(--awb-text-color); font-family: var(--awb-text-font-family); font-size: var(--awb-font-size); font-style: var(--awb-text-font-style); font-weight: var(--awb-text-font-weight); letter-spacing: var(--awb-letter-spacing); text-align: var(--awb-content-alignment); text-transform: var(--awb-text-transform); background-color: var(--awb-bg-color-hover);\">Nous savons qu\u2019il existe des incoh\u00e9rences dans la compr\u00e9hension et la mise en \u0153uvre efficace de cette politique. Cette situation est grandement attribuable au fait que de nombreux \u00e9ducateurs &#8211; enseignants, administrateurs, assistants en \u00e9ducation \u2013 ne sont toujours pas form\u00e9s de mani\u00e8re ad\u00e9quate aux pratiques d\u2019int\u00e9gration ou ne disposent pas des ressources n\u00e9cessaires pour r\u00e9pondre aux besoins de l\u2019ensemble des classes. Nos \u00e9coles disposent d\u2019un leadership ph\u00e9nom\u00e9nal et d\u2019enseignants qui se soucient profond\u00e9ment de la r\u00e9ussite de tous leurs \u00e9l\u00e8ves. Ils ont besoin de notre soutien.   <\/span><\/p>\n<p><span style=\"color: var(--awb-text-color); font-family: var(--awb-text-font-family); font-size: var(--awb-font-size); font-style: var(--awb-text-font-style); font-weight: var(--awb-text-font-weight); letter-spacing: var(--awb-letter-spacing); text-align: var(--awb-content-alignment); text-transform: var(--awb-text-transform); background-color: var(--awb-bg-color-hover);\">Malheureusement, l\u2019inclusion scolaire est souvent l\u2019un des boucs \u00e9missaires de notre syst\u00e8me \u00e9ducatif surcharg\u00e9. En cas de difficult\u00e9s, nous rejetons la faute sur les politiques d\u2019int\u00e9gration et, en fin de compte, sur l\u2019enfant ayant un handicap, comme si c\u2019\u00e9tait l\u00e0 le probl\u00e8me. <\/span><\/p>\n<p><span style=\"color: var(--awb-text-color); font-family: var(--awb-text-font-family); font-size: var(--awb-font-size); font-style: var(--awb-text-font-style); font-weight: var(--awb-text-font-weight); letter-spacing: var(--awb-letter-spacing); text-align: var(--awb-content-alignment); text-transform: var(--awb-text-transform); background-color: var(--awb-bg-color-hover);\">Imaginez un instant que vous \u00eates le parent d\u2019un \u00e9l\u00e8ve ayant un handicap. Votre enfant a \u00e9t\u00e9 contraint de quitter l\u2019\u00e9cole ou ne peut y aller qu\u2019une heure ou deux par jour. Comment pourriez-vous travailler? Comment votre enfant socialise-t-il et acquiert-il des comp\u00e9tences pr\u00e9cieuses en interagissant avec ses pairs?   <\/span><\/p>\n<p><span style=\"color: var(--awb-text-color); font-family: var(--awb-text-font-family); font-size: var(--awb-font-size); font-style: var(--awb-text-font-style); font-weight: var(--awb-text-font-weight); letter-spacing: var(--awb-letter-spacing); text-align: var(--awb-content-alignment); text-transform: var(--awb-text-transform); background-color: var(--awb-bg-color-hover);\">Imaginez encore que l\u2019assistante ou l\u2019assistant en \u00e9ducation de votre enfant ne soit pas en mesure de travailler pour cause de maladie, par exemple, et qu\u2019on dise \u00e0 votre enfant qu\u2019il doit rester \u00e0 la maison parce que les aides appropri\u00e9es n\u2019ont pas \u00e9t\u00e9 mises en place. Nous ne demanderions jamais cela aux parents d\u2019enfants sans handicap. <\/span><\/p>\n<p><span style=\"color: var(--awb-text-color); font-family: var(--awb-text-font-family); font-size: var(--awb-font-size); font-style: var(--awb-text-font-style); font-weight: var(--awb-text-font-weight); letter-spacing: var(--awb-letter-spacing); text-align: var(--awb-content-alignment); text-transform: var(--awb-text-transform); background-color: var(--awb-bg-color-hover);\">Mais peut-\u00eatre le pire de tout, c\u2019est d\u2019apprendre que votre enfant a \u00e9t\u00e9 mis \u00e0 l\u2019\u00e9cart ou isol\u00e9 pendant sa journ\u00e9e d\u2019\u00e9cole. Malgr\u00e9 nos progr\u00e8s en mati\u00e8re d\u2019inclusion scolaire, cette situation se produit encore au Nouveau-Brunswick. <\/span><\/p>\n<p><span style=\"color: var(--awb-text-color); font-family: var(--awb-text-font-family); font-size: var(--awb-font-size); font-style: var(--awb-text-font-style); font-weight: var(--awb-text-font-weight); letter-spacing: var(--awb-letter-spacing); text-align: var(--awb-content-alignment); text-transform: var(--awb-text-transform); background-color: var(--awb-bg-color-hover);\">Des ressources doivent \u00eatre mises \u00e0 la disposition des enseignants, des \u00e9coles et des classes, et elles doivent \u00eatre d\u00e9ploy\u00e9es de mani\u00e8re ad\u00e9quate et en temps opportun. Elles comprennent la formation des \u00e9ducateurs et des paraprofessionnels, l\u2019acc\u00e8s \u00e0 des sp\u00e9cialistes comme des orthophonistes, des psychologues scolaires, etc., ainsi que des classes plus petites, pour ne nommer que quelques \u00e9l\u00e9ments. <\/span><\/p>\n<p><span style=\"color: var(--awb-text-color); font-family: var(--awb-text-font-family); font-size: var(--awb-font-size); font-style: var(--awb-text-font-style); font-weight: var(--awb-text-font-weight); letter-spacing: var(--awb-letter-spacing); text-align: var(--awb-content-alignment); text-transform: var(--awb-text-transform); background-color: var(--awb-bg-color-hover);\">L\u2019\u00e9quipe qui entoure l\u2019\u00e9l\u00e8ve doit \u00eatre appuy\u00e9e pour travailler ensemble \u00e0 l\u2019\u00e9laboration d\u2019un plan dont l\u2019objectif principal consiste \u00e0 permettre \u00e0 tous les \u00e9l\u00e8ves d\u2019\u00eatre pr\u00e9sents dans la salle de classe, de b\u00e9n\u00e9ficier d\u2019un soutien ad\u00e9quat et d\u2019apprendre aux c\u00f4t\u00e9s de leurs camarades. C\u2019est leur droit. <\/span><\/p>\n<p><span style=\"color: var(--awb-text-color); font-family: var(--awb-text-font-family); font-size: var(--awb-font-size); font-style: var(--awb-text-font-style); font-weight: var(--awb-text-font-weight); letter-spacing: var(--awb-letter-spacing); text-align: var(--awb-content-alignment); text-transform: var(--awb-text-transform); background-color: var(--awb-bg-color-hover);\">Cette \u00e9quipe comprend \u00e9galement des \u00e9l\u00e8ves sans handicap. En raison du leadership de\u202fnotre province il y a 40 ans aujourd\u2019hui, il existe une g\u00e9n\u00e9ration enti\u00e8re de N\u00e9oBrunswickoises et N\u00e9o-Brunswickois qui ont b\u00e9n\u00e9fici\u00e9 de l\u2019inclusion et qui s\u2019y attendent. <\/span><\/p>\n<p><span style=\"color: var(--awb-text-color); font-family: var(--awb-text-font-family); font-size: var(--awb-font-size); font-style: var(--awb-text-font-style); font-weight: var(--awb-text-font-weight); letter-spacing: var(--awb-letter-spacing); text-align: var(--awb-content-alignment); text-transform: var(--awb-text-transform); background-color: var(--awb-bg-color-hover);\">Une \u00e9tude australienne sur les r\u00e9sultats de l\u2019inclusion scolaire fait \u00e9tat d\u2019une \u00ab\u202fam\u00e9lioration des attitudes entre les \u00e9l\u00e8ves ayant un handicap et ceux qui n\u2019en ont pas. Plus un \u00e9l\u00e8ve passe de temps dans un milieu inclusif, plus l\u2019interaction sociale est importante. Il en d\u00e9coule de meilleurs r\u00e9sultats en mati\u00e8re de d\u00e9veloppement social et de communication. \u00bb<\/span><\/p>\n<p><span style=\"color: var(--awb-text-color); font-family: var(--awb-text-font-family); font-size: var(--awb-font-size); font-style: var(--awb-text-font-style); font-weight: var(--awb-text-font-weight); letter-spacing: var(--awb-letter-spacing); text-align: var(--awb-content-alignment); text-transform: var(--awb-text-transform); background-color: var(--awb-bg-color-hover);\">Les recherches de plus en plus nombreuses sur les r\u00e9sultats de l\u2019inclusion scolaire en mati\u00e8re de d\u00e9veloppement social ont \u00e9galement d\u00e9montr\u00e9 que l\u2019inclusion se traduit par \u00ab\u202fun sentiment plus positif de soi et d\u2019estime de soi pour les \u00e9l\u00e8ves, qu\u2019ils aient un handicap ou non. \u00bb<\/span><\/p>\n<p><span style=\"color: var(--awb-text-color); font-family: var(--awb-text-font-family); font-size: var(--awb-font-size); font-style: var(--awb-text-font-style); font-weight: var(--awb-text-font-weight); letter-spacing: var(--awb-letter-spacing); text-align: var(--awb-content-alignment); text-transform: var(--awb-text-transform); background-color: var(--awb-bg-color-hover);\">Ce sont les leaders sur lesquels nous compterons pour faire avancer le mouvement de l\u2019inclusion au cours des 40 prochaines ann\u00e9es.<\/span><\/p>\n<p><span style=\"color: var(--awb-text-color); font-family: var(--awb-text-font-family); font-size: var(--awb-font-size); font-style: var(--awb-text-font-style); font-weight: var(--awb-text-font-weight); letter-spacing: var(--awb-letter-spacing); text-align: var(--awb-content-alignment); text-transform: var(--awb-text-transform); background-color: var(--awb-bg-color-hover);\">Nous en avons besoin, car il reste encore du travail \u00e0 faire. Par exemple, nous n\u2019avons toujours pas de politique provinciale en mati\u00e8re d\u2019\u00e9ducation pr\u00e9scolaire et de garderies inclusives pour assurer aux familles d\u2019enfants ayant un handicap l\u2019\u00e9galit\u00e9 d\u2019acc\u00e8s avant que ces derniers n\u2019entrent dans le syst\u00e8me scolaire public. Ces enfants et leurs parents ont \u00e9galement des droits.  <\/span><\/p>\n<p><span style=\"color: var(--awb-text-color); font-family: var(--awb-text-font-family); font-size: var(--awb-font-size); font-style: var(--awb-text-font-style); font-weight: var(--awb-text-font-weight); letter-spacing: var(--awb-letter-spacing); text-align: var(--awb-content-alignment); text-transform: var(--awb-text-transform); background-color: var(--awb-bg-color-hover);\">En tant que N\u00e9o-Brunswickoises et N\u00e9o-Brunswickois, nous devons \u00eatre fiers de ce que nous avons construit ensemble. Trois familles de Saint John ont cr\u00e9\u00e9 un mouvement provincial, national et international qui a constitu\u00e9 un important pas en avant. Nous leur devons, ainsi qu\u2019aux innombrables familles qui ont suivi, de nous concentrer sur la fa\u00e7on dont nous cr\u00e9ons la prochaine g\u00e9n\u00e9ration d\u2019apprenants et de champions de l\u2019inclusion.  <\/span><\/p>\n<p><span style=\"color: var(--awb-text-color); font-family: var(--awb-text-font-family); font-size: var(--awb-font-size); font-style: var(--awb-text-font-style); font-weight: var(--awb-text-font-weight); letter-spacing: var(--awb-letter-spacing); text-align: var(--awb-content-alignment); text-transform: var(--awb-text-transform); background-color: var(--awb-bg-color-hover);\">&#8211; Jake Reid, <\/span><span style=\"color: var(--awb-text-color); font-family: var(--awb-text-font-family); font-size: var(--awb-font-size); font-style: var(--awb-text-font-style); font-weight: var(--awb-text-font-weight); letter-spacing: var(--awb-letter-spacing); text-align: var(--awb-content-alignment); text-transform: var(--awb-text-transform); background-color: var(--awb-bg-color-hover);\">le directeur g\u00e9n\u00e9ral d\u2019Inclusion NB.<\/span><\/p>\n<\/div><div class=\"fusion-image-element \" style=\"text-align:left;--awb-mask-url: url(https:\/\/www.inclusionnb.ca\/wp-content\/uploads\/2023\/05\/board-mask.svg);--awb-max-width:190px;--awb-caption-title-font-family:var(--h2_typography-font-family);--awb-caption-title-font-weight:var(--h2_typography-font-weight);--awb-caption-title-font-style:var(--h2_typography-font-style);--awb-caption-title-size:var(--h2_typography-font-size);--awb-caption-title-transform:var(--h2_typography-text-transform);--awb-caption-title-line-height:var(--h2_typography-line-height);--awb-caption-title-letter-spacing:var(--h2_typography-letter-spacing);\"><span class=\" fusion-imageframe imageframe-none imageframe-1 hover-type-none has-mask\"><img decoding=\"async\" width=\"240\" height=\"300\" title=\"365A1118\" src=\"https:\/\/www.inclusionnb.ca\/wp-content\/uploads\/2024\/10\/365A1118-240x300.jpg\" alt class=\"img-responsive wp-image-1559\" srcset=\"https:\/\/www.inclusionnb.ca\/wp-content\/uploads\/2024\/10\/365A1118-200x250.jpg 200w, https:\/\/www.inclusionnb.ca\/wp-content\/uploads\/2024\/10\/365A1118-400x500.jpg 400w, https:\/\/www.inclusionnb.ca\/wp-content\/uploads\/2024\/10\/365A1118-600x750.jpg 600w, https:\/\/www.inclusionnb.ca\/wp-content\/uploads\/2024\/10\/365A1118-800x1000.jpg 800w, https:\/\/www.inclusionnb.ca\/wp-content\/uploads\/2024\/10\/365A1118-1200x1500.jpg 1200w\" sizes=\"(max-width: 640px) 100vw, 1200px\" \/><\/span><\/div><\/div><\/div><\/div><\/div><div class=\"fusion-fullwidth fullwidth-box fusion-builder-row-2 fusion-flex-container has-pattern-background has-mask-background nonhundred-percent-fullwidth non-hundred-percent-height-scrolling\" style=\"--awb-border-radius-top-left:0px;--awb-border-radius-top-right:0px;--awb-border-radius-bottom-right:0px;--awb-border-radius-bottom-left:0px;--awb-padding-top:23px;--awb-margin-bottom:28px;--awb-flex-wrap:wrap;\" ><div class=\"fusion-builder-row fusion-row fusion-flex-align-items-flex-start fusion-flex-content-wrap\" style=\"max-width:1248px;margin-left: calc(-4% \/ 2 );margin-right: calc(-4% \/ 2 );\"><div class=\"fusion-layout-column fusion_builder_column fusion-builder-column-1 fusion_builder_column_1_1 1_1 fusion-flex-column\" style=\"--awb-padding-top:18px;--awb-bg-size:cover;--awb-width-large:100%;--awb-margin-top-large:0px;--awb-spacing-right-large:1.92%;--awb-margin-bottom-large:20px;--awb-spacing-left-large:1.92%;--awb-width-medium:100%;--awb-order-medium:0;--awb-spacing-right-medium:1.92%;--awb-spacing-left-medium:1.92%;--awb-width-small:100%;--awb-order-small:0;--awb-spacing-right-small:1.92%;--awb-spacing-left-small:1.92%;\"><div class=\"fusion-column-wrapper fusion-column-has-shadow fusion-flex-justify-content-flex-start fusion-content-layout-column\"><div style=\"text-align:left;\"><a class=\"fusion-button button-flat fusion-button-default-size button-default fusion-button-default button-1 fusion-button-default-span fusion-button-default-type\" target=\"_self\" href=\"https:\/\/www.inclusionnb.ca\/fr\/notre-mouvement\/\"><i class=\"fa-book-open fas awb-button__icon awb-button__icon--default button-icon-left\" aria-hidden=\"true\"><\/i><span class=\"fusion-button-text awb-button__text awb-button__text--default\">Retourner au blog<\/span><\/a><\/div><\/div><\/div><\/div><\/div><\/p>\n","protected":false},"excerpt":{"rendered":"","protected":false},"author":2,"featured_media":1196,"comment_status":"open","ping_status":"open","sticky":false,"template":"","format":"standard","meta":{"_monsterinsights_skip_tracking":false,"_monsterinsights_sitenote_active":false,"_monsterinsights_sitenote_note":"","_monsterinsights_sitenote_category":0,"footnotes":""},"categories":[28],"tags":[],"class_list":["post-1716","post","type-post","status-publish","format-standard","has-post-thumbnail","hentry","category-news-fr"],"yoast_head":"<!-- This site is optimized with the Yoast SEO plugin v27.5 - https:\/\/yoast.com\/product\/yoast-seo-wordpress\/ -->\n<title>Quarante ans d\u2019inclusion scolaire au Nouveau-Brunswick - Inclusion NB<\/title>\n<meta name=\"robots\" content=\"index, follow, max-snippet:-1, max-image-preview:large, max-video-preview:-1\" \/>\n<link rel=\"canonical\" href=\"https:\/\/www.inclusionnb.ca\/fr\/quarante-ans-dinclusion-scolaire-au-nouveau-brunswick\/\" \/>\n<meta property=\"og:locale\" content=\"fr_FR\" \/>\n<meta property=\"og:type\" content=\"article\" \/>\n<meta property=\"og:title\" content=\"Quarante ans d\u2019inclusion scolaire au Nouveau-Brunswick - Inclusion NB\" \/>\n<meta property=\"og:url\" content=\"https:\/\/www.inclusionnb.ca\/fr\/quarante-ans-dinclusion-scolaire-au-nouveau-brunswick\/\" \/>\n<meta property=\"og:site_name\" content=\"Inclusion NB\" \/>\n<meta property=\"article:publisher\" content=\"http:\/\/facebook.com\/inclusionnb\" \/>\n<meta property=\"article:published_time\" content=\"2025-02-27T15:29:35+00:00\" \/>\n<meta property=\"article:modified_time\" content=\"2025-02-27T15:29:36+00:00\" \/>\n<meta property=\"og:image\" content=\"https:\/\/www.inclusionnb.ca\/wp-content\/uploads\/2024\/03\/A-message-from-Inclusion-NB-900-x-600-px.png\" \/>\n\t<meta property=\"og:image:width\" content=\"900\" \/>\n\t<meta property=\"og:image:height\" content=\"600\" \/>\n\t<meta property=\"og:image:type\" content=\"image\/png\" \/>\n<meta name=\"author\" content=\"Ariel Dillon\" \/>\n<meta name=\"twitter:card\" content=\"summary_large_image\" \/>\n<meta name=\"twitter:creator\" content=\"@InclusionNB\" \/>\n<meta name=\"twitter:site\" content=\"@InclusionNB\" \/>\n<meta name=\"twitter:label1\" content=\"Written by\" \/>\n\t<meta name=\"twitter:data1\" content=\"Ariel Dillon\" \/>\n\t<meta name=\"twitter:label2\" content=\"Est. reading time\" \/>\n\t<meta name=\"twitter:data2\" content=\"9 minutes\" \/>\n<script type=\"application\/ld+json\" class=\"yoast-schema-graph\">{\"@context\":\"https:\\\/\\\/schema.org\",\"@graph\":[{\"@type\":\"Article\",\"@id\":\"https:\\\/\\\/www.inclusionnb.ca\\\/fr\\\/quarante-ans-dinclusion-scolaire-au-nouveau-brunswick\\\/#article\",\"isPartOf\":{\"@id\":\"https:\\\/\\\/www.inclusionnb.ca\\\/fr\\\/quarante-ans-dinclusion-scolaire-au-nouveau-brunswick\\\/\"},\"author\":{\"name\":\"Ariel Dillon\",\"@id\":\"https:\\\/\\\/www.inclusionnb.ca\\\/fr\\\/#\\\/schema\\\/person\\\/270b5c0a3bee7cbeab6edae4c4dfb3c1\"},\"headline\":\"Quarante ans d\u2019inclusion scolaire au Nouveau-Brunswick\",\"datePublished\":\"2025-02-27T15:29:35+00:00\",\"dateModified\":\"2025-02-27T15:29:36+00:00\",\"mainEntityOfPage\":{\"@id\":\"https:\\\/\\\/www.inclusionnb.ca\\\/fr\\\/quarante-ans-dinclusion-scolaire-au-nouveau-brunswick\\\/\"},\"wordCount\":1850,\"commentCount\":0,\"publisher\":{\"@id\":\"https:\\\/\\\/www.inclusionnb.ca\\\/fr\\\/#organization\"},\"image\":{\"@id\":\"https:\\\/\\\/www.inclusionnb.ca\\\/fr\\\/quarante-ans-dinclusion-scolaire-au-nouveau-brunswick\\\/#primaryimage\"},\"thumbnailUrl\":\"https:\\\/\\\/www.inclusionnb.ca\\\/wp-content\\\/uploads\\\/2024\\\/03\\\/A-message-from-Inclusion-NB-900-x-600-px.png\",\"articleSection\":[\"News\"],\"inLanguage\":\"fr-FR\",\"potentialAction\":[{\"@type\":\"CommentAction\",\"name\":\"Comment\",\"target\":[\"https:\\\/\\\/www.inclusionnb.ca\\\/fr\\\/quarante-ans-dinclusion-scolaire-au-nouveau-brunswick\\\/#respond\"]}]},{\"@type\":\"WebPage\",\"@id\":\"https:\\\/\\\/www.inclusionnb.ca\\\/fr\\\/quarante-ans-dinclusion-scolaire-au-nouveau-brunswick\\\/\",\"url\":\"https:\\\/\\\/www.inclusionnb.ca\\\/fr\\\/quarante-ans-dinclusion-scolaire-au-nouveau-brunswick\\\/\",\"name\":\"Quarante ans d\u2019inclusion scolaire au Nouveau-Brunswick - Inclusion NB\",\"isPartOf\":{\"@id\":\"https:\\\/\\\/www.inclusionnb.ca\\\/fr\\\/#website\"},\"primaryImageOfPage\":{\"@id\":\"https:\\\/\\\/www.inclusionnb.ca\\\/fr\\\/quarante-ans-dinclusion-scolaire-au-nouveau-brunswick\\\/#primaryimage\"},\"image\":{\"@id\":\"https:\\\/\\\/www.inclusionnb.ca\\\/fr\\\/quarante-ans-dinclusion-scolaire-au-nouveau-brunswick\\\/#primaryimage\"},\"thumbnailUrl\":\"https:\\\/\\\/www.inclusionnb.ca\\\/wp-content\\\/uploads\\\/2024\\\/03\\\/A-message-from-Inclusion-NB-900-x-600-px.png\",\"datePublished\":\"2025-02-27T15:29:35+00:00\",\"dateModified\":\"2025-02-27T15:29:36+00:00\",\"breadcrumb\":{\"@id\":\"https:\\\/\\\/www.inclusionnb.ca\\\/fr\\\/quarante-ans-dinclusion-scolaire-au-nouveau-brunswick\\\/#breadcrumb\"},\"inLanguage\":\"fr-FR\",\"potentialAction\":[{\"@type\":\"ReadAction\",\"target\":[\"https:\\\/\\\/www.inclusionnb.ca\\\/fr\\\/quarante-ans-dinclusion-scolaire-au-nouveau-brunswick\\\/\"]}]},{\"@type\":\"ImageObject\",\"inLanguage\":\"fr-FR\",\"@id\":\"https:\\\/\\\/www.inclusionnb.ca\\\/fr\\\/quarante-ans-dinclusion-scolaire-au-nouveau-brunswick\\\/#primaryimage\",\"url\":\"https:\\\/\\\/www.inclusionnb.ca\\\/wp-content\\\/uploads\\\/2024\\\/03\\\/A-message-from-Inclusion-NB-900-x-600-px.png\",\"contentUrl\":\"https:\\\/\\\/www.inclusionnb.ca\\\/wp-content\\\/uploads\\\/2024\\\/03\\\/A-message-from-Inclusion-NB-900-x-600-px.png\",\"width\":900,\"height\":600},{\"@type\":\"BreadcrumbList\",\"@id\":\"https:\\\/\\\/www.inclusionnb.ca\\\/fr\\\/quarante-ans-dinclusion-scolaire-au-nouveau-brunswick\\\/#breadcrumb\",\"itemListElement\":[{\"@type\":\"ListItem\",\"position\":1,\"name\":\"Home\",\"item\":\"https:\\\/\\\/www.inclusionnb.ca\\\/fr\\\/\"},{\"@type\":\"ListItem\",\"position\":2,\"name\":\"Quarante ans d\u2019inclusion scolaire au Nouveau-Brunswick\"}]},{\"@type\":\"WebSite\",\"@id\":\"https:\\\/\\\/www.inclusionnb.ca\\\/fr\\\/#website\",\"url\":\"https:\\\/\\\/www.inclusionnb.ca\\\/fr\\\/\",\"name\":\"Inclusion NB\",\"description\":\"Creating opportunities for people with an intellectual or developmental disability.\",\"publisher\":{\"@id\":\"https:\\\/\\\/www.inclusionnb.ca\\\/fr\\\/#organization\"},\"potentialAction\":[{\"@type\":\"SearchAction\",\"target\":{\"@type\":\"EntryPoint\",\"urlTemplate\":\"https:\\\/\\\/www.inclusionnb.ca\\\/fr\\\/?s={search_term_string}\"},\"query-input\":{\"@type\":\"PropertyValueSpecification\",\"valueRequired\":true,\"valueName\":\"search_term_string\"}}],\"inLanguage\":\"fr-FR\"},{\"@type\":\"Organization\",\"@id\":\"https:\\\/\\\/www.inclusionnb.ca\\\/fr\\\/#organization\",\"name\":\"Inclusion NB\",\"url\":\"https:\\\/\\\/www.inclusionnb.ca\\\/fr\\\/\",\"logo\":{\"@type\":\"ImageObject\",\"inLanguage\":\"fr-FR\",\"@id\":\"https:\\\/\\\/www.inclusionnb.ca\\\/fr\\\/#\\\/schema\\\/logo\\\/image\\\/\",\"url\":\"https:\\\/\\\/www.inclusionnb.ca\\\/wp-content\\\/uploads\\\/2023\\\/05\\\/InclusionNB-logo.svg\",\"contentUrl\":\"https:\\\/\\\/www.inclusionnb.ca\\\/wp-content\\\/uploads\\\/2023\\\/05\\\/InclusionNB-logo.svg\",\"width\":215,\"height\":44,\"caption\":\"Inclusion NB\"},\"image\":{\"@id\":\"https:\\\/\\\/www.inclusionnb.ca\\\/fr\\\/#\\\/schema\\\/logo\\\/image\\\/\"},\"sameAs\":[\"http:\\\/\\\/facebook.com\\\/inclusionnb\",\"https:\\\/\\\/x.com\\\/InclusionNB\",\"https:\\\/\\\/www.instagram.com\\\/inclusionnb\\\/\",\"https:\\\/\\\/www.linkedin.com\\\/company\\\/inclusionnb\"]},{\"@type\":\"Person\",\"@id\":\"https:\\\/\\\/www.inclusionnb.ca\\\/fr\\\/#\\\/schema\\\/person\\\/270b5c0a3bee7cbeab6edae4c4dfb3c1\",\"name\":\"Ariel Dillon\",\"image\":{\"@type\":\"ImageObject\",\"inLanguage\":\"fr-FR\",\"@id\":\"https:\\\/\\\/secure.gravatar.com\\\/avatar\\\/a5773216f1f97887273985da66b978637b977601e483de650568f6c5e2625241?s=96&d=mm&r=g\",\"url\":\"https:\\\/\\\/secure.gravatar.com\\\/avatar\\\/a5773216f1f97887273985da66b978637b977601e483de650568f6c5e2625241?s=96&d=mm&r=g\",\"contentUrl\":\"https:\\\/\\\/secure.gravatar.com\\\/avatar\\\/a5773216f1f97887273985da66b978637b977601e483de650568f6c5e2625241?s=96&d=mm&r=g\",\"caption\":\"Ariel Dillon\"},\"url\":\"https:\\\/\\\/www.inclusionnb.ca\\\/fr\\\/author\\\/adillon\\\/\"}]}<\/script>\n<!-- \/ Yoast SEO plugin. -->","yoast_head_json":{"title":"Quarante ans d\u2019inclusion scolaire au Nouveau-Brunswick - Inclusion NB","robots":{"index":"index","follow":"follow","max-snippet":"max-snippet:-1","max-image-preview":"max-image-preview:large","max-video-preview":"max-video-preview:-1"},"canonical":"https:\/\/www.inclusionnb.ca\/fr\/quarante-ans-dinclusion-scolaire-au-nouveau-brunswick\/","og_locale":"fr_FR","og_type":"article","og_title":"Quarante ans d\u2019inclusion scolaire au Nouveau-Brunswick - Inclusion NB","og_url":"https:\/\/www.inclusionnb.ca\/fr\/quarante-ans-dinclusion-scolaire-au-nouveau-brunswick\/","og_site_name":"Inclusion NB","article_publisher":"http:\/\/facebook.com\/inclusionnb","article_published_time":"2025-02-27T15:29:35+00:00","article_modified_time":"2025-02-27T15:29:36+00:00","og_image":[{"width":900,"height":600,"url":"https:\/\/www.inclusionnb.ca\/wp-content\/uploads\/2024\/03\/A-message-from-Inclusion-NB-900-x-600-px.png","type":"image\/png"}],"author":"Ariel Dillon","twitter_card":"summary_large_image","twitter_creator":"@InclusionNB","twitter_site":"@InclusionNB","twitter_misc":{"Written by":"Ariel Dillon","Est. reading time":"9 minutes"},"schema":{"@context":"https:\/\/schema.org","@graph":[{"@type":"Article","@id":"https:\/\/www.inclusionnb.ca\/fr\/quarante-ans-dinclusion-scolaire-au-nouveau-brunswick\/#article","isPartOf":{"@id":"https:\/\/www.inclusionnb.ca\/fr\/quarante-ans-dinclusion-scolaire-au-nouveau-brunswick\/"},"author":{"name":"Ariel Dillon","@id":"https:\/\/www.inclusionnb.ca\/fr\/#\/schema\/person\/270b5c0a3bee7cbeab6edae4c4dfb3c1"},"headline":"Quarante ans d\u2019inclusion scolaire au Nouveau-Brunswick","datePublished":"2025-02-27T15:29:35+00:00","dateModified":"2025-02-27T15:29:36+00:00","mainEntityOfPage":{"@id":"https:\/\/www.inclusionnb.ca\/fr\/quarante-ans-dinclusion-scolaire-au-nouveau-brunswick\/"},"wordCount":1850,"commentCount":0,"publisher":{"@id":"https:\/\/www.inclusionnb.ca\/fr\/#organization"},"image":{"@id":"https:\/\/www.inclusionnb.ca\/fr\/quarante-ans-dinclusion-scolaire-au-nouveau-brunswick\/#primaryimage"},"thumbnailUrl":"https:\/\/www.inclusionnb.ca\/wp-content\/uploads\/2024\/03\/A-message-from-Inclusion-NB-900-x-600-px.png","articleSection":["News"],"inLanguage":"fr-FR","potentialAction":[{"@type":"CommentAction","name":"Comment","target":["https:\/\/www.inclusionnb.ca\/fr\/quarante-ans-dinclusion-scolaire-au-nouveau-brunswick\/#respond"]}]},{"@type":"WebPage","@id":"https:\/\/www.inclusionnb.ca\/fr\/quarante-ans-dinclusion-scolaire-au-nouveau-brunswick\/","url":"https:\/\/www.inclusionnb.ca\/fr\/quarante-ans-dinclusion-scolaire-au-nouveau-brunswick\/","name":"Quarante ans d\u2019inclusion scolaire au Nouveau-Brunswick - Inclusion NB","isPartOf":{"@id":"https:\/\/www.inclusionnb.ca\/fr\/#website"},"primaryImageOfPage":{"@id":"https:\/\/www.inclusionnb.ca\/fr\/quarante-ans-dinclusion-scolaire-au-nouveau-brunswick\/#primaryimage"},"image":{"@id":"https:\/\/www.inclusionnb.ca\/fr\/quarante-ans-dinclusion-scolaire-au-nouveau-brunswick\/#primaryimage"},"thumbnailUrl":"https:\/\/www.inclusionnb.ca\/wp-content\/uploads\/2024\/03\/A-message-from-Inclusion-NB-900-x-600-px.png","datePublished":"2025-02-27T15:29:35+00:00","dateModified":"2025-02-27T15:29:36+00:00","breadcrumb":{"@id":"https:\/\/www.inclusionnb.ca\/fr\/quarante-ans-dinclusion-scolaire-au-nouveau-brunswick\/#breadcrumb"},"inLanguage":"fr-FR","potentialAction":[{"@type":"ReadAction","target":["https:\/\/www.inclusionnb.ca\/fr\/quarante-ans-dinclusion-scolaire-au-nouveau-brunswick\/"]}]},{"@type":"ImageObject","inLanguage":"fr-FR","@id":"https:\/\/www.inclusionnb.ca\/fr\/quarante-ans-dinclusion-scolaire-au-nouveau-brunswick\/#primaryimage","url":"https:\/\/www.inclusionnb.ca\/wp-content\/uploads\/2024\/03\/A-message-from-Inclusion-NB-900-x-600-px.png","contentUrl":"https:\/\/www.inclusionnb.ca\/wp-content\/uploads\/2024\/03\/A-message-from-Inclusion-NB-900-x-600-px.png","width":900,"height":600},{"@type":"BreadcrumbList","@id":"https:\/\/www.inclusionnb.ca\/fr\/quarante-ans-dinclusion-scolaire-au-nouveau-brunswick\/#breadcrumb","itemListElement":[{"@type":"ListItem","position":1,"name":"Home","item":"https:\/\/www.inclusionnb.ca\/fr\/"},{"@type":"ListItem","position":2,"name":"Quarante ans d\u2019inclusion scolaire au Nouveau-Brunswick"}]},{"@type":"WebSite","@id":"https:\/\/www.inclusionnb.ca\/fr\/#website","url":"https:\/\/www.inclusionnb.ca\/fr\/","name":"Inclusion NB","description":"Creating opportunities for people with an intellectual or developmental disability.","publisher":{"@id":"https:\/\/www.inclusionnb.ca\/fr\/#organization"},"potentialAction":[{"@type":"SearchAction","target":{"@type":"EntryPoint","urlTemplate":"https:\/\/www.inclusionnb.ca\/fr\/?s={search_term_string}"},"query-input":{"@type":"PropertyValueSpecification","valueRequired":true,"valueName":"search_term_string"}}],"inLanguage":"fr-FR"},{"@type":"Organization","@id":"https:\/\/www.inclusionnb.ca\/fr\/#organization","name":"Inclusion NB","url":"https:\/\/www.inclusionnb.ca\/fr\/","logo":{"@type":"ImageObject","inLanguage":"fr-FR","@id":"https:\/\/www.inclusionnb.ca\/fr\/#\/schema\/logo\/image\/","url":"https:\/\/www.inclusionnb.ca\/wp-content\/uploads\/2023\/05\/InclusionNB-logo.svg","contentUrl":"https:\/\/www.inclusionnb.ca\/wp-content\/uploads\/2023\/05\/InclusionNB-logo.svg","width":215,"height":44,"caption":"Inclusion NB"},"image":{"@id":"https:\/\/www.inclusionnb.ca\/fr\/#\/schema\/logo\/image\/"},"sameAs":["http:\/\/facebook.com\/inclusionnb","https:\/\/x.com\/InclusionNB","https:\/\/www.instagram.com\/inclusionnb\/","https:\/\/www.linkedin.com\/company\/inclusionnb"]},{"@type":"Person","@id":"https:\/\/www.inclusionnb.ca\/fr\/#\/schema\/person\/270b5c0a3bee7cbeab6edae4c4dfb3c1","name":"Ariel Dillon","image":{"@type":"ImageObject","inLanguage":"fr-FR","@id":"https:\/\/secure.gravatar.com\/avatar\/a5773216f1f97887273985da66b978637b977601e483de650568f6c5e2625241?s=96&d=mm&r=g","url":"https:\/\/secure.gravatar.com\/avatar\/a5773216f1f97887273985da66b978637b977601e483de650568f6c5e2625241?s=96&d=mm&r=g","contentUrl":"https:\/\/secure.gravatar.com\/avatar\/a5773216f1f97887273985da66b978637b977601e483de650568f6c5e2625241?s=96&d=mm&r=g","caption":"Ariel Dillon"},"url":"https:\/\/www.inclusionnb.ca\/fr\/author\/adillon\/"}]}},"_links":{"self":[{"href":"https:\/\/www.inclusionnb.ca\/fr\/wp-json\/wp\/v2\/posts\/1716","targetHints":{"allow":["GET"]}}],"collection":[{"href":"https:\/\/www.inclusionnb.ca\/fr\/wp-json\/wp\/v2\/posts"}],"about":[{"href":"https:\/\/www.inclusionnb.ca\/fr\/wp-json\/wp\/v2\/types\/post"}],"author":[{"embeddable":true,"href":"https:\/\/www.inclusionnb.ca\/fr\/wp-json\/wp\/v2\/users\/2"}],"replies":[{"embeddable":true,"href":"https:\/\/www.inclusionnb.ca\/fr\/wp-json\/wp\/v2\/comments?post=1716"}],"version-history":[{"count":0,"href":"https:\/\/www.inclusionnb.ca\/fr\/wp-json\/wp\/v2\/posts\/1716\/revisions"}],"wp:featuredmedia":[{"embeddable":true,"href":"https:\/\/www.inclusionnb.ca\/fr\/wp-json\/wp\/v2\/media\/1196"}],"wp:attachment":[{"href":"https:\/\/www.inclusionnb.ca\/fr\/wp-json\/wp\/v2\/media?parent=1716"}],"wp:term":[{"taxonomy":"category","embeddable":true,"href":"https:\/\/www.inclusionnb.ca\/fr\/wp-json\/wp\/v2\/categories?post=1716"},{"taxonomy":"post_tag","embeddable":true,"href":"https:\/\/www.inclusionnb.ca\/fr\/wp-json\/wp\/v2\/tags?post=1716"}],"curies":[{"name":"wp","href":"https:\/\/api.w.org\/{rel}","templated":true}]}}