{"id":2102,"date":"2026-01-05T14:03:23","date_gmt":"2026-01-05T18:03:23","guid":{"rendered":"https:\/\/www.inclusionnb.ca\/?p=2102"},"modified":"2026-03-06T13:58:22","modified_gmt":"2026-03-06T17:58:22","slug":"membre-du-conseil-dadministration-pam-lovelace","status":"publish","type":"post","link":"https:\/\/www.inclusionnb.ca\/fr\/membre-du-conseil-dadministration-pam-lovelace\/","title":{"rendered":"Membre du conseil d\u2019administration, Pam Lovelace"},"content":{"rendered":"<div class=\"fusion-fullwidth fullwidth-box fusion-builder-row-1 fusion-flex-container has-pattern-background has-mask-background nonhundred-percent-fullwidth non-hundred-percent-height-scrolling\" style=\"--awb-border-radius-top-left:0px;--awb-border-radius-top-right:0px;--awb-border-radius-bottom-right:0px;--awb-border-radius-bottom-left:0px;--awb-flex-wrap:wrap;\" ><div class=\"fusion-builder-row fusion-row fusion-flex-align-items-flex-start fusion-flex-content-wrap\" style=\"max-width:1248px;margin-left: calc(-4% \/ 2 );margin-right: calc(-4% \/ 2 );\"><div class=\"fusion-layout-column fusion_builder_column fusion-builder-column-0 fusion_builder_column_1_1 1_1 fusion-flex-column\" style=\"--awb-bg-size:cover;--awb-width-large:100%;--awb-margin-top-large:0px;--awb-spacing-right-large:1.92%;--awb-margin-bottom-large:20px;--awb-spacing-left-large:1.92%;--awb-width-medium:100%;--awb-order-medium:0;--awb-spacing-right-medium:1.92%;--awb-spacing-left-medium:1.92%;--awb-width-small:100%;--awb-order-small:0;--awb-spacing-right-small:1.92%;--awb-spacing-left-small:1.92%;\"><div class=\"fusion-column-wrapper fusion-column-has-shadow fusion-flex-justify-content-flex-start fusion-content-layout-column\"><div class=\"fusion-text fusion-text-1\"><div class=\"x11i5rnm xat24cr x1mh8g0r x1vvkbs xtlvy1s x126k92a\">\n<h2>Profil des membres du conseil d\u2019administration \u2013 questions et r\u00e9ponses<\/h2>\n<h3>Que signifie l&#8217;inclusion pour vous ?<\/h3>\n<p>Pour moi, l\u2019inclusion signifie cr\u00e9er des espaces o\u00f9 chaque personne se sent vue, entendue et valoris\u00e9e. Cette personne n\u2019est pas simplement invit\u00e9e \u00e0 participer\u202f: elle acqui\u00e8re les outils pour devenir v\u00e9ritablement habilit\u00e9e \u00e0 contribuer \u00e0 la communaut\u00e9. L\u2019inclusion consiste \u00e0 \u00e9liminer les obstacles qui emp\u00eachent les gens de s\u2019engager pleinement dans leur communaut\u00e9, leur milieu de travail et leur \u00e9tablissement. Il s\u2019agit \u00e0 la fois d\u2019un principe directeur et d\u2019une pratique quotidienne qui n\u00e9cessite de l\u2019empathie, de la sensibilisation et une volont\u00e9 d\u2019\u00e9couter et d\u2019apprendre.<\/p>\n<p>Pour moi, l\u2019inclusion est fondamentalement une question de confiance.<\/p>\n<h3>Quelle voie as-tu suivie ? As-tu fr\u00e9quent\u00e9 l&#8217;\u00e9cole, fait carri\u00e8re en dehors de ton foyer, soutenu une famille, travaill\u00e9 ou fait du b\u00e9n\u00e9volat au sein de la communaut\u00e9 ? Quel parcours avez-vous suivi? Avez-vous fait des \u00e9tudes, eu une carri\u00e8re en dehors de votre foyer, subvenu aux besoins de votre famille, travaill\u00e9 ou fait du b\u00e9n\u00e9volat dans votre communaut\u00e9? Y a-t-il des r\u00e9alisations, des promotions ou des projets notables que vous aimeriez souligner?<\/h3>\n<p>J\u2019ai b\u00e2ti une carri\u00e8re dynamique et ax\u00e9e sur des objectifs qui fait le pont entre la fonction publique, la communication et le leadership communautaire. Mon parcours professionnel refl\u00e8te ma volont\u00e9 \u00e0 favoriser l\u2019apprentissage continu, l\u2019\u00e9quit\u00e9 et l\u2019inclusion.<\/p>\n<p>Apr\u00e8s avoir obtenu un baccalaur\u00e9at \u00e0 l\u2019Universit\u00e9 Mount Saint Vincent, j\u2019ai commenc\u00e9 ma carri\u00e8re dans la radiodiffusion et la production m\u00e9diatique chez CBC\/Radio-Canada en Nouvelle-\u00c9cosse et au Nouveau-Brunswick, o\u00f9 j\u2019ai acquis des comp\u00e9tences en narration, en engagement public et en communication strat\u00e9gique. Mes premi\u00e8res exp\u00e9riences professionnelles m\u2019ont permis de vraiment comprendre la mani\u00e8re dont l\u2019information fa\u00e7onne la sensibilisation du public et les r\u00e9sultats des politiques.<\/p>\n<p>Plus tard, je me suis orient\u00e9e vers l\u2019administration publique et la direction municipale, occupant les fonctions d\u2019adjointe au maire et de conseill\u00e8re municipale de la municipalit\u00e9 r\u00e9gionale d\u2019Halifax, o\u00f9 je me suis fait la championne d\u2019une gouvernance inclusive et transparente, de l\u2019accessibilit\u00e9 et de la prise de d\u00e9cision communautaire.<\/p>\n<p>Outre mon r\u00f4le d\u2019\u00e9lue, j\u2019ai si\u00e9g\u00e9 \u00e0 plusieurs conseils d\u2019administration et groupes consultatifs ax\u00e9s sur l\u2019\u00e9galit\u00e9 entre les genres, les droits des enfants et le d\u00e9veloppement communautaire, veillant \u00e0 ce que les voix sous-repr\u00e9sent\u00e9es soient prises en compte dans l\u2019\u00e9laboration des politiques publiques. J\u2019ai \u00e9t\u00e9 reconnue par le gouvernement du Canada et celui de la Nouvelle-\u00c9cosse pour mon style de leadership collaboratif, ma capacit\u00e9 \u00e0 instaurer la confiance entre les secteurs et mon engagement \u00e0 assurer le d\u00e9veloppement communautaire.<\/p>\n<h3>Quels sont les valeurs ou les principes qui guident ta vie ? Y a-t-il des exp\u00e9riences sp\u00e9cifiques de leadership ou de travail en \u00e9quipe qui t&#8217;ont marqu\u00e9 ?<\/h3>\n<p>L\u2019int\u00e9grit\u00e9, l\u2019inclusion, le service et l\u2019empathie sont les valeurs qui guident ma vie. Je crois que le leadership repose sur l\u2019\u00e9coute et la cr\u00e9ation d\u2019un espace o\u00f9 les autres peuvent s\u2019exprimer, et sur la certitude que les d\u00e9cisions qui fa\u00e7onnent nos communaut\u00e9s tiennent compte de la diversit\u00e9 des points de vue. Mon principe directeur a toujours \u00e9t\u00e9 de diriger avec d\u00e9termination et d\u2019agir avec \u00e9quit\u00e9, en particulier lorsque les d\u00e9cisions sont complexes ou ont une incidence sur les populations vuln\u00e9rables.<\/p>\n<p>Mon r\u00f4le de maire adjointe et de conseill\u00e8re municipale de Halifax a \u00e9t\u00e9 l\u2019une des exp\u00e9riences de leadership les plus marquantes de ma carri\u00e8re. J\u2019ai pu travailler en \u00e9troite collaboration avec les r\u00e9sidents, le personnel et les organismes communautaires \u00e0 relever des d\u00e9fis comme les liens communautaires, la r\u00e9ponse aux crises et l\u2019\u00e9quit\u00e9 en mati\u00e8re de logement. Ce r\u00f4le m\u2019a confort\u00e9e dans la conviction que le travail d\u2019\u00e9quipe est une force. D\u2019importants progr\u00e8s sont r\u00e9alis\u00e9s quand des personnes de diff\u00e9rents milieux adoptent une vision commune et se sentent soutenues pour apporter leur expertise et cr\u00e9er ensemble un avenir \u00e9quitable.<\/p>\n<h3>Quels sont tes int\u00e9r\u00eats et tes passe-temps ? As-tu des talents ou des comp\u00e9tences uniques que tu aimerais partager ? D\u00e9crivez votre participation au sein de la communaut\u00e9.<\/h3>\n<p>Alors que je m\u2019adapte \u00e0 mon r\u00e9cent d\u00e9m\u00e9nagement d\u2019Halifax \u00e0 Edmundston, je m\u2019engage \u00e0 devenir bilingue et \u00e0 saisir toutes les occasions qui se pr\u00e9sentent pour perfectionner mon fran\u00e7ais. En tant que formatrice en administration locale aupr\u00e8s du personnel municipal \u00e0 l\u2019\u00e9chelle du Canada, je poursuivrai mes recherches pour \u00e9crire un livre sur l\u2019avenir du leadership politique inclusif.<\/p>\n<h3>Quelles sont tes aspirations pour l&#8217;avenir, tant sur le plan professionnel que personnel ? Quelles sont vos aspirations pour l\u2019avenir, tant sur le plan professionnel que personnel? Y a-t-il des projets, des initiatives ou des \u00e9tapes personnelles \u00e0 venir qui vous enthousiasment particuli\u00e8rement?<\/h3>\n<p>Pour l\u2019avenir, mes aspirations sont ax\u00e9es sur l\u2019\u00e9tablissement de syst\u00e8mes qui autonomisent les personnes et renforcent les communaut\u00e9s. Sur le plan professionnel, je m\u2019engage \u00e0 faire progresser les politiques publiques inclusives, en particulier dans des domaines comme l\u2019\u00e9quit\u00e9 et le mieux-\u00eatre communautaire, en renfor\u00e7ant les liens. J\u2019ai comme objectif de continuer \u00e0 \u00e9tablir des ponts entre les gouvernements, les organismes et les personnes pour veiller \u00e0 ce que chaque voix soit prise en compte dans les d\u00e9cisions qui fa\u00e7onnent l\u2019avenir de notre province.<\/p>\n<h3>Qu&#8217;est-ce que les gens ignorent de toi ? As-tu des habitudes particuli\u00e8res ou des anecdotes int\u00e9ressantes ? Y a-t-il une citation ou un dicton favori qui r\u00e9sonne en toi ?<\/h3>\n<p>Bien avant de me lancer dans la politique, j\u2019\u00e9tais musicienne de rue \u00e0 Halifax et \u00e0 Montr\u00e9al, o\u00f9 je jouais de la guitare, puis j\u2019ai travaill\u00e9 dans les m\u00e9dias et la production t\u00e9l\u00e9visuelle. J\u2019aime toujours la musique, que je continue \u00e0 pratiquer, et j\u2019aime toutes les formes de narration.<\/p>\n<p>Une citation qui m\u2019a toujours interpell\u00e9e est celle d\u2019Audre Lorde :<\/p>\n<p style=\"text-align: center;\">\u00ab Quand j\u2019ose \u00eatre puissante, utiliser ma force au service de ma vision, alors le fait d\u2019avoir peur devient de moins en moins important. \u00bb [traduction libre]\nCette citation me rappelle que le courage ne consiste pas \u00e0 \u00eatre intr\u00e9pide, mais plut\u00f4t \u00e0 agir avec d\u00e9termination m\u00eame lorsque le chemin \u00e0 parcourir est incertain ou effrayant.<\/p>\n<\/div>\n<div dir=\"auto\">\n<div class=\"x11i5rnm xat24cr x1mh8g0r x1vvkbs xtlvy1s x126k92a\"><\/div>\n<\/div>\n<\/div><\/div><\/div><\/div><\/div>\n","protected":false},"excerpt":{"rendered":"","protected":false},"author":2,"featured_media":2181,"comment_status":"closed","ping_status":"open","sticky":false,"template":"","format":"standard","meta":{"_monsterinsights_skip_tracking":false,"_monsterinsights_sitenote_active":false,"_monsterinsights_sitenote_note":"","_monsterinsights_sitenote_category":0,"footnotes":""},"categories":[28],"tags":[],"class_list":["post-2102","post","type-post","status-publish","format-standard","has-post-thumbnail","hentry","category-news-fr"],"yoast_head":"<!-- This site is optimized with the Yoast SEO plugin v27.4 - https:\/\/yoast.com\/product\/yoast-seo-wordpress\/ -->\n<title>Membre du conseil d\u2019administration, Pam Lovelace - Inclusion NB<\/title>\n<meta name=\"robots\" content=\"index, follow, max-snippet:-1, max-image-preview:large, max-video-preview:-1\" \/>\n<link rel=\"canonical\" href=\"https:\/\/www.inclusionnb.ca\/fr\/membre-du-conseil-dadministration-pam-lovelace\/\" \/>\n<meta property=\"og:locale\" content=\"fr_FR\" \/>\n<meta property=\"og:type\" content=\"article\" \/>\n<meta property=\"og:title\" content=\"Membre du conseil d\u2019administration, Pam Lovelace - Inclusion NB\" \/>\n<meta property=\"og:url\" content=\"https:\/\/www.inclusionnb.ca\/fr\/membre-du-conseil-dadministration-pam-lovelace\/\" \/>\n<meta property=\"og:site_name\" content=\"Inclusion NB\" \/>\n<meta property=\"article:publisher\" content=\"http:\/\/facebook.com\/inclusionnb\" \/>\n<meta property=\"article:published_time\" content=\"2026-01-05T18:03:23+00:00\" \/>\n<meta property=\"article:modified_time\" content=\"2026-03-06T17:58:22+00:00\" \/>\n<meta property=\"og:image\" content=\"https:\/\/www.inclusionnb.ca\/wp-content\/uploads\/2026\/01\/Blog-Post-Featured-Image-900-x-600-px-1.png\" \/>\n\t<meta property=\"og:image:width\" content=\"900\" \/>\n\t<meta property=\"og:image:height\" content=\"600\" \/>\n\t<meta property=\"og:image:type\" content=\"image\/png\" \/>\n<meta name=\"author\" content=\"Ariel Dillon\" \/>\n<meta name=\"twitter:card\" content=\"summary_large_image\" \/>\n<meta name=\"twitter:creator\" content=\"@InclusionNB\" \/>\n<meta name=\"twitter:site\" content=\"@InclusionNB\" \/>\n<meta name=\"twitter:label1\" content=\"Written by\" \/>\n\t<meta name=\"twitter:data1\" content=\"Ariel Dillon\" \/>\n\t<meta name=\"twitter:label2\" content=\"Est. reading time\" \/>\n\t<meta name=\"twitter:data2\" content=\"5 minutes\" \/>\n<script type=\"application\/ld+json\" class=\"yoast-schema-graph\">{\"@context\":\"https:\\\/\\\/schema.org\",\"@graph\":[{\"@type\":\"Article\",\"@id\":\"https:\\\/\\\/www.inclusionnb.ca\\\/fr\\\/membre-du-conseil-dadministration-pam-lovelace\\\/#article\",\"isPartOf\":{\"@id\":\"https:\\\/\\\/www.inclusionnb.ca\\\/fr\\\/membre-du-conseil-dadministration-pam-lovelace\\\/\"},\"author\":{\"name\":\"Ariel Dillon\",\"@id\":\"https:\\\/\\\/www.inclusionnb.ca\\\/fr\\\/#\\\/schema\\\/person\\\/270b5c0a3bee7cbeab6edae4c4dfb3c1\"},\"headline\":\"Membre du conseil d\u2019administration, Pam Lovelace\",\"datePublished\":\"2026-01-05T18:03:23+00:00\",\"dateModified\":\"2026-03-06T17:58:22+00:00\",\"mainEntityOfPage\":{\"@id\":\"https:\\\/\\\/www.inclusionnb.ca\\\/fr\\\/membre-du-conseil-dadministration-pam-lovelace\\\/\"},\"wordCount\":1583,\"publisher\":{\"@id\":\"https:\\\/\\\/www.inclusionnb.ca\\\/fr\\\/#organization\"},\"image\":{\"@id\":\"https:\\\/\\\/www.inclusionnb.ca\\\/fr\\\/membre-du-conseil-dadministration-pam-lovelace\\\/#primaryimage\"},\"thumbnailUrl\":\"https:\\\/\\\/www.inclusionnb.ca\\\/wp-content\\\/uploads\\\/2026\\\/01\\\/Blog-Post-Featured-Image-900-x-600-px-1.png\",\"articleSection\":[\"News\"],\"inLanguage\":\"fr-FR\"},{\"@type\":\"WebPage\",\"@id\":\"https:\\\/\\\/www.inclusionnb.ca\\\/fr\\\/membre-du-conseil-dadministration-pam-lovelace\\\/\",\"url\":\"https:\\\/\\\/www.inclusionnb.ca\\\/fr\\\/membre-du-conseil-dadministration-pam-lovelace\\\/\",\"name\":\"Membre du conseil d\u2019administration, Pam Lovelace - Inclusion NB\",\"isPartOf\":{\"@id\":\"https:\\\/\\\/www.inclusionnb.ca\\\/fr\\\/#website\"},\"primaryImageOfPage\":{\"@id\":\"https:\\\/\\\/www.inclusionnb.ca\\\/fr\\\/membre-du-conseil-dadministration-pam-lovelace\\\/#primaryimage\"},\"image\":{\"@id\":\"https:\\\/\\\/www.inclusionnb.ca\\\/fr\\\/membre-du-conseil-dadministration-pam-lovelace\\\/#primaryimage\"},\"thumbnailUrl\":\"https:\\\/\\\/www.inclusionnb.ca\\\/wp-content\\\/uploads\\\/2026\\\/01\\\/Blog-Post-Featured-Image-900-x-600-px-1.png\",\"datePublished\":\"2026-01-05T18:03:23+00:00\",\"dateModified\":\"2026-03-06T17:58:22+00:00\",\"breadcrumb\":{\"@id\":\"https:\\\/\\\/www.inclusionnb.ca\\\/fr\\\/membre-du-conseil-dadministration-pam-lovelace\\\/#breadcrumb\"},\"inLanguage\":\"fr-FR\",\"potentialAction\":[{\"@type\":\"ReadAction\",\"target\":[\"https:\\\/\\\/www.inclusionnb.ca\\\/fr\\\/membre-du-conseil-dadministration-pam-lovelace\\\/\"]}]},{\"@type\":\"ImageObject\",\"inLanguage\":\"fr-FR\",\"@id\":\"https:\\\/\\\/www.inclusionnb.ca\\\/fr\\\/membre-du-conseil-dadministration-pam-lovelace\\\/#primaryimage\",\"url\":\"https:\\\/\\\/www.inclusionnb.ca\\\/wp-content\\\/uploads\\\/2026\\\/01\\\/Blog-Post-Featured-Image-900-x-600-px-1.png\",\"contentUrl\":\"https:\\\/\\\/www.inclusionnb.ca\\\/wp-content\\\/uploads\\\/2026\\\/01\\\/Blog-Post-Featured-Image-900-x-600-px-1.png\",\"width\":900,\"height\":600},{\"@type\":\"BreadcrumbList\",\"@id\":\"https:\\\/\\\/www.inclusionnb.ca\\\/fr\\\/membre-du-conseil-dadministration-pam-lovelace\\\/#breadcrumb\",\"itemListElement\":[{\"@type\":\"ListItem\",\"position\":1,\"name\":\"Home\",\"item\":\"https:\\\/\\\/www.inclusionnb.ca\\\/fr\\\/\"},{\"@type\":\"ListItem\",\"position\":2,\"name\":\"Membre du conseil d\u2019administration, Pam Lovelace\"}]},{\"@type\":\"WebSite\",\"@id\":\"https:\\\/\\\/www.inclusionnb.ca\\\/fr\\\/#website\",\"url\":\"https:\\\/\\\/www.inclusionnb.ca\\\/fr\\\/\",\"name\":\"Inclusion NB\",\"description\":\"Creating opportunities for people with an intellectual or developmental disability.\",\"publisher\":{\"@id\":\"https:\\\/\\\/www.inclusionnb.ca\\\/fr\\\/#organization\"},\"potentialAction\":[{\"@type\":\"SearchAction\",\"target\":{\"@type\":\"EntryPoint\",\"urlTemplate\":\"https:\\\/\\\/www.inclusionnb.ca\\\/fr\\\/?s={search_term_string}\"},\"query-input\":{\"@type\":\"PropertyValueSpecification\",\"valueRequired\":true,\"valueName\":\"search_term_string\"}}],\"inLanguage\":\"fr-FR\"},{\"@type\":\"Organization\",\"@id\":\"https:\\\/\\\/www.inclusionnb.ca\\\/fr\\\/#organization\",\"name\":\"Inclusion NB\",\"url\":\"https:\\\/\\\/www.inclusionnb.ca\\\/fr\\\/\",\"logo\":{\"@type\":\"ImageObject\",\"inLanguage\":\"fr-FR\",\"@id\":\"https:\\\/\\\/www.inclusionnb.ca\\\/fr\\\/#\\\/schema\\\/logo\\\/image\\\/\",\"url\":\"https:\\\/\\\/www.inclusionnb.ca\\\/wp-content\\\/uploads\\\/2023\\\/05\\\/InclusionNB-logo.svg\",\"contentUrl\":\"https:\\\/\\\/www.inclusionnb.ca\\\/wp-content\\\/uploads\\\/2023\\\/05\\\/InclusionNB-logo.svg\",\"width\":215,\"height\":44,\"caption\":\"Inclusion NB\"},\"image\":{\"@id\":\"https:\\\/\\\/www.inclusionnb.ca\\\/fr\\\/#\\\/schema\\\/logo\\\/image\\\/\"},\"sameAs\":[\"http:\\\/\\\/facebook.com\\\/inclusionnb\",\"https:\\\/\\\/x.com\\\/InclusionNB\",\"https:\\\/\\\/www.instagram.com\\\/inclusionnb\\\/\",\"https:\\\/\\\/www.linkedin.com\\\/company\\\/inclusionnb\"]},{\"@type\":\"Person\",\"@id\":\"https:\\\/\\\/www.inclusionnb.ca\\\/fr\\\/#\\\/schema\\\/person\\\/270b5c0a3bee7cbeab6edae4c4dfb3c1\",\"name\":\"Ariel Dillon\",\"image\":{\"@type\":\"ImageObject\",\"inLanguage\":\"fr-FR\",\"@id\":\"https:\\\/\\\/secure.gravatar.com\\\/avatar\\\/a5773216f1f97887273985da66b978637b977601e483de650568f6c5e2625241?s=96&d=mm&r=g\",\"url\":\"https:\\\/\\\/secure.gravatar.com\\\/avatar\\\/a5773216f1f97887273985da66b978637b977601e483de650568f6c5e2625241?s=96&d=mm&r=g\",\"contentUrl\":\"https:\\\/\\\/secure.gravatar.com\\\/avatar\\\/a5773216f1f97887273985da66b978637b977601e483de650568f6c5e2625241?s=96&d=mm&r=g\",\"caption\":\"Ariel Dillon\"},\"url\":\"https:\\\/\\\/www.inclusionnb.ca\\\/fr\\\/author\\\/adillon\\\/\"}]}<\/script>\n<!-- \/ Yoast SEO plugin. -->","yoast_head_json":{"title":"Membre du conseil d\u2019administration, Pam Lovelace - Inclusion NB","robots":{"index":"index","follow":"follow","max-snippet":"max-snippet:-1","max-image-preview":"max-image-preview:large","max-video-preview":"max-video-preview:-1"},"canonical":"https:\/\/www.inclusionnb.ca\/fr\/membre-du-conseil-dadministration-pam-lovelace\/","og_locale":"fr_FR","og_type":"article","og_title":"Membre du conseil d\u2019administration, Pam Lovelace - Inclusion NB","og_url":"https:\/\/www.inclusionnb.ca\/fr\/membre-du-conseil-dadministration-pam-lovelace\/","og_site_name":"Inclusion NB","article_publisher":"http:\/\/facebook.com\/inclusionnb","article_published_time":"2026-01-05T18:03:23+00:00","article_modified_time":"2026-03-06T17:58:22+00:00","og_image":[{"width":900,"height":600,"url":"https:\/\/www.inclusionnb.ca\/wp-content\/uploads\/2026\/01\/Blog-Post-Featured-Image-900-x-600-px-1.png","type":"image\/png"}],"author":"Ariel Dillon","twitter_card":"summary_large_image","twitter_creator":"@InclusionNB","twitter_site":"@InclusionNB","twitter_misc":{"Written by":"Ariel Dillon","Est. reading time":"5 minutes"},"schema":{"@context":"https:\/\/schema.org","@graph":[{"@type":"Article","@id":"https:\/\/www.inclusionnb.ca\/fr\/membre-du-conseil-dadministration-pam-lovelace\/#article","isPartOf":{"@id":"https:\/\/www.inclusionnb.ca\/fr\/membre-du-conseil-dadministration-pam-lovelace\/"},"author":{"name":"Ariel Dillon","@id":"https:\/\/www.inclusionnb.ca\/fr\/#\/schema\/person\/270b5c0a3bee7cbeab6edae4c4dfb3c1"},"headline":"Membre du conseil d\u2019administration, Pam Lovelace","datePublished":"2026-01-05T18:03:23+00:00","dateModified":"2026-03-06T17:58:22+00:00","mainEntityOfPage":{"@id":"https:\/\/www.inclusionnb.ca\/fr\/membre-du-conseil-dadministration-pam-lovelace\/"},"wordCount":1583,"publisher":{"@id":"https:\/\/www.inclusionnb.ca\/fr\/#organization"},"image":{"@id":"https:\/\/www.inclusionnb.ca\/fr\/membre-du-conseil-dadministration-pam-lovelace\/#primaryimage"},"thumbnailUrl":"https:\/\/www.inclusionnb.ca\/wp-content\/uploads\/2026\/01\/Blog-Post-Featured-Image-900-x-600-px-1.png","articleSection":["News"],"inLanguage":"fr-FR"},{"@type":"WebPage","@id":"https:\/\/www.inclusionnb.ca\/fr\/membre-du-conseil-dadministration-pam-lovelace\/","url":"https:\/\/www.inclusionnb.ca\/fr\/membre-du-conseil-dadministration-pam-lovelace\/","name":"Membre du conseil d\u2019administration, Pam Lovelace - Inclusion NB","isPartOf":{"@id":"https:\/\/www.inclusionnb.ca\/fr\/#website"},"primaryImageOfPage":{"@id":"https:\/\/www.inclusionnb.ca\/fr\/membre-du-conseil-dadministration-pam-lovelace\/#primaryimage"},"image":{"@id":"https:\/\/www.inclusionnb.ca\/fr\/membre-du-conseil-dadministration-pam-lovelace\/#primaryimage"},"thumbnailUrl":"https:\/\/www.inclusionnb.ca\/wp-content\/uploads\/2026\/01\/Blog-Post-Featured-Image-900-x-600-px-1.png","datePublished":"2026-01-05T18:03:23+00:00","dateModified":"2026-03-06T17:58:22+00:00","breadcrumb":{"@id":"https:\/\/www.inclusionnb.ca\/fr\/membre-du-conseil-dadministration-pam-lovelace\/#breadcrumb"},"inLanguage":"fr-FR","potentialAction":[{"@type":"ReadAction","target":["https:\/\/www.inclusionnb.ca\/fr\/membre-du-conseil-dadministration-pam-lovelace\/"]}]},{"@type":"ImageObject","inLanguage":"fr-FR","@id":"https:\/\/www.inclusionnb.ca\/fr\/membre-du-conseil-dadministration-pam-lovelace\/#primaryimage","url":"https:\/\/www.inclusionnb.ca\/wp-content\/uploads\/2026\/01\/Blog-Post-Featured-Image-900-x-600-px-1.png","contentUrl":"https:\/\/www.inclusionnb.ca\/wp-content\/uploads\/2026\/01\/Blog-Post-Featured-Image-900-x-600-px-1.png","width":900,"height":600},{"@type":"BreadcrumbList","@id":"https:\/\/www.inclusionnb.ca\/fr\/membre-du-conseil-dadministration-pam-lovelace\/#breadcrumb","itemListElement":[{"@type":"ListItem","position":1,"name":"Home","item":"https:\/\/www.inclusionnb.ca\/fr\/"},{"@type":"ListItem","position":2,"name":"Membre du conseil d\u2019administration, Pam Lovelace"}]},{"@type":"WebSite","@id":"https:\/\/www.inclusionnb.ca\/fr\/#website","url":"https:\/\/www.inclusionnb.ca\/fr\/","name":"Inclusion NB","description":"Creating opportunities for people with an intellectual or developmental disability.","publisher":{"@id":"https:\/\/www.inclusionnb.ca\/fr\/#organization"},"potentialAction":[{"@type":"SearchAction","target":{"@type":"EntryPoint","urlTemplate":"https:\/\/www.inclusionnb.ca\/fr\/?s={search_term_string}"},"query-input":{"@type":"PropertyValueSpecification","valueRequired":true,"valueName":"search_term_string"}}],"inLanguage":"fr-FR"},{"@type":"Organization","@id":"https:\/\/www.inclusionnb.ca\/fr\/#organization","name":"Inclusion NB","url":"https:\/\/www.inclusionnb.ca\/fr\/","logo":{"@type":"ImageObject","inLanguage":"fr-FR","@id":"https:\/\/www.inclusionnb.ca\/fr\/#\/schema\/logo\/image\/","url":"https:\/\/www.inclusionnb.ca\/wp-content\/uploads\/2023\/05\/InclusionNB-logo.svg","contentUrl":"https:\/\/www.inclusionnb.ca\/wp-content\/uploads\/2023\/05\/InclusionNB-logo.svg","width":215,"height":44,"caption":"Inclusion NB"},"image":{"@id":"https:\/\/www.inclusionnb.ca\/fr\/#\/schema\/logo\/image\/"},"sameAs":["http:\/\/facebook.com\/inclusionnb","https:\/\/x.com\/InclusionNB","https:\/\/www.instagram.com\/inclusionnb\/","https:\/\/www.linkedin.com\/company\/inclusionnb"]},{"@type":"Person","@id":"https:\/\/www.inclusionnb.ca\/fr\/#\/schema\/person\/270b5c0a3bee7cbeab6edae4c4dfb3c1","name":"Ariel Dillon","image":{"@type":"ImageObject","inLanguage":"fr-FR","@id":"https:\/\/secure.gravatar.com\/avatar\/a5773216f1f97887273985da66b978637b977601e483de650568f6c5e2625241?s=96&d=mm&r=g","url":"https:\/\/secure.gravatar.com\/avatar\/a5773216f1f97887273985da66b978637b977601e483de650568f6c5e2625241?s=96&d=mm&r=g","contentUrl":"https:\/\/secure.gravatar.com\/avatar\/a5773216f1f97887273985da66b978637b977601e483de650568f6c5e2625241?s=96&d=mm&r=g","caption":"Ariel Dillon"},"url":"https:\/\/www.inclusionnb.ca\/fr\/author\/adillon\/"}]}},"_links":{"self":[{"href":"https:\/\/www.inclusionnb.ca\/fr\/wp-json\/wp\/v2\/posts\/2102","targetHints":{"allow":["GET"]}}],"collection":[{"href":"https:\/\/www.inclusionnb.ca\/fr\/wp-json\/wp\/v2\/posts"}],"about":[{"href":"https:\/\/www.inclusionnb.ca\/fr\/wp-json\/wp\/v2\/types\/post"}],"author":[{"embeddable":true,"href":"https:\/\/www.inclusionnb.ca\/fr\/wp-json\/wp\/v2\/users\/2"}],"replies":[{"embeddable":true,"href":"https:\/\/www.inclusionnb.ca\/fr\/wp-json\/wp\/v2\/comments?post=2102"}],"version-history":[{"count":0,"href":"https:\/\/www.inclusionnb.ca\/fr\/wp-json\/wp\/v2\/posts\/2102\/revisions"}],"wp:featuredmedia":[{"embeddable":true,"href":"https:\/\/www.inclusionnb.ca\/fr\/wp-json\/wp\/v2\/media\/2181"}],"wp:attachment":[{"href":"https:\/\/www.inclusionnb.ca\/fr\/wp-json\/wp\/v2\/media?parent=2102"}],"wp:term":[{"taxonomy":"category","embeddable":true,"href":"https:\/\/www.inclusionnb.ca\/fr\/wp-json\/wp\/v2\/categories?post=2102"},{"taxonomy":"post_tag","embeddable":true,"href":"https:\/\/www.inclusionnb.ca\/fr\/wp-json\/wp\/v2\/tags?post=2102"}],"curies":[{"name":"wp","href":"https:\/\/api.w.org\/{rel}","templated":true}]}}