{"id":2276,"date":"2026-04-21T11:18:19","date_gmt":"2026-04-21T14:18:19","guid":{"rendered":"https:\/\/www.inclusionnb.ca\/?p=2276"},"modified":"2026-04-21T11:43:52","modified_gmt":"2026-04-21T14:43:52","slug":"semaine-du-benevolat-2026","status":"publish","type":"post","link":"https:\/\/www.inclusionnb.ca\/fr\/semaine-du-benevolat-2026\/","title":{"rendered":"Semaine du b\u00e9n\u00e9volat 2026 &#8211; D\u00e9couvrez notre conseil d&#8217;administration"},"content":{"rendered":"<div class=\"fusion-fullwidth fullwidth-box fusion-builder-row-1 fusion-flex-container nonhundred-percent-fullwidth non-hundred-percent-height-scrolling\" style=\"--awb-border-radius-top-left:0px;--awb-border-radius-top-right:0px;--awb-border-radius-bottom-right:0px;--awb-border-radius-bottom-left:0px;--awb-flex-wrap:wrap;\" ><div class=\"fusion-builder-row fusion-row fusion-flex-align-items-flex-start fusion-flex-content-wrap\" style=\"max-width:1248px;margin-left: calc(-4% \/ 2 );margin-right: calc(-4% \/ 2 );\"><div class=\"fusion-layout-column fusion_builder_column fusion-builder-column-0 fusion_builder_column_1_1 1_1 fusion-flex-column\" style=\"--awb-bg-blend:overlay;--awb-bg-size:cover;--awb-width-large:100%;--awb-margin-top-large:0px;--awb-spacing-right-large:1.92%;--awb-margin-bottom-large:0px;--awb-spacing-left-large:1.92%;--awb-width-medium:100%;--awb-spacing-right-medium:1.92%;--awb-spacing-left-medium:1.92%;--awb-width-small:100%;--awb-spacing-right-small:1.92%;--awb-spacing-left-small:1.92%;\"><div class=\"fusion-column-wrapper fusion-flex-justify-content-flex-start fusion-content-layout-column\"><div class=\"fusion-text fusion-text-1\"><h2>Cheryl Piper<\/h2>\n<p><strong>Que signifie l'inclusion pour vous ?<\/strong><\/p>\n<p><span class=\"TextRun SCXW26290876 BCX0\" lang=\"FR-FR\" data-contrast=\"auto\" xml:lang=\"FR-FR\">L'inclusion signifie pour moi d'accepter chaque personne comme elle est.<\/span><span class=\"EOP SCXW26290876 BCX0\" data-ccp-props=\"\"> <\/span><\/p>\n<p><strong>Qu'est-ce qui vous a motiv\u00e9e \u00e0 rejoindre le conseil d'administration?<\/strong><\/p>\n<p><span class=\"TextRun SCXW53759835 BCX0\" lang=\"FR-FR\" data-contrast=\"none\" xml:lang=\"FR-FR\"><span class=\"NormalTextRun SpellingErrorV2Themed SCXW53759835 BCX0\">Mon fils, Alex. Il est un enfant autiste. Je me suis jointe au conseil d'administration dans l'espoir de lui assurer, ainsi qu'\u00e0 ses pairs, un avenir meilleur et plus tol\u00e9rant.  <\/span><\/span><span class=\"EOP SCXW53759835 BCX0\" data-ccp-props=\"{\"> <\/span><\/p>\n<p><strong>Quels sont vos objectifs pendant votre mandat au sein du conseil d'administration?<\/strong><\/p>\n<p><span class=\"TextRun SCXW200483043 BCX0\" lang=\"EN-US\" data-contrast=\"auto\" xml:lang=\"EN-US\"><span class=\"NormalTextRun SCXW200483043 BCX0\">J'esp\u00e8re nouer des liens importants au sein de la communaut\u00e9 de l'inclusion et contribuer \u00e0 d\u00e9finir, appuyer et faire avancer notre mission.<\/span><\/span><span class=\"EOP SCXW200483043 BCX0\" data-ccp-props=\"\"> <\/span><\/p>\n<p><strong>Y a-t-il quelque chose que vous aimeriez mentionner au sujet de votre exp\u00e9rience personnelle, professionnelle ou au sein d'un conseil d'administration?<\/strong><\/p>\n<p><span class=\"TextRun SCXW92665025 BCX0\" lang=\"EN-US\" data-contrast=\"auto\" xml:lang=\"EN-US\">Inclusion NB (anciennement ANBIC) a appuy\u00e9 notre famille pendant une p\u00e9riode difficile lorsque Alex \u00e9tait \u00e0 l'\u00e9cole primaire. Je veux veiller \u00e0 ce qu'aucune autre famille n'ait \u00e0 vivre ce que nous avons v\u00e9cu.<\/span><span class=\"EOP SCXW92665025 BCX0\" data-ccp-props=\"\"> <\/span><\/p>\n<h2>Christina Nicoll<\/h2>\n<p><strong>Que signifie l'inclusion pour vous ?<\/strong><\/p>\n<p>L'inclusion signifie que nous avons toutes et tous une place \u00e0 la table, ainsi qu'une voix et une exp\u00e9rience de vie valoris\u00e9es et entendues. Cela signifie que toutes les personnes, quelle que soit leur situation, ont la possibilit\u00e9 et le soutien n\u00e9cessaires pour vivre leur vie au mieux, selon leurs propres choix et aspirations. <\/p>\n<p><strong>Qu'est-ce qui vous a motiv\u00e9e \u00e0 rejoindre le conseil d'administration?<\/strong><\/p>\n<p>Ma motivation aupr\u00e8s d'Inclusion NB d\u00e9coule de mon exp\u00e9rience personnelle en tant que parent. Ce qui a commenc\u00e9 par une conversation sur les soutiens dont ma fille avait besoin m'a permis de d\u00e9couvrir la mission de l'organisme et d'apprendre qu'un poste \u00e9tait vacant au sein du conseil d'administration de la r\u00e9gion de Fredericton. L'importante incidence d'Inclusion NB \u00e0 l'\u00e9chelle du Nouveau-Brunswick m'a incit\u00e9e \u00e0 m'investir et \u00e0 appuyer ce travail essentiel.  <\/p>\n<p><strong>Quels sont vos objectifs pendant votre mandat au sein du conseil d'administration?<\/strong><\/p>\n<p>Je m'engage \u00e0 continuer d'appuyer Inclusion NB de mani\u00e8re significative. Mon poste au sein du conseil d'administration me permet de contribuer \u00e0 une gouvernance solide, \u00e0 un leadership collaboratif et \u00e0 une supervision strat\u00e9gique, tout en aidant la directrice g\u00e9n\u00e9rale \u00e0 faire avancer la mission d'Inclusion NB. J'esp\u00e8re laisser l'organisme plus fort qu'\u00e0 mon arriv\u00e9e en assurant sa capacit\u00e9 \u00e0 appuyer les familles de tout le Nouveau-Brunswick pour les ann\u00e9es \u00e0 venir.  <\/p>\n<h2>Christine Th\u00e9riault<\/h2>\n<p><strong>Que signifie l'inclusion pour vous ?<\/strong><\/p>\n<p>\u00c0 mes yeux, l'inclusion consiste notamment \u00e0 d\u00e9ployer les efforts et les ressources permettant \u00e0 toute personne de se sentir comme un \u00eatre humain \u00e0 part enti\u00e8re, et ce, quelles que soient les barri\u00e8res ou les d\u00e9fis avec lesquels elle doit jongler. Selon moi, il est primordial que toute personne soit en mesure de cheminer \u00e0 son rythme, se fixer des objectifs selon ses int\u00e9r\u00eats, se d\u00e9passer, accumuler les victoires et r\u00e9aliser ses r\u00eaves. <\/p>\n<p><strong>Qu'est-ce qui vous a pouss\u00e9 \u00e0 rejoindre le conseil d'administration ?<\/strong><\/p>\n<p>Plusieurs raisons m'ont incit\u00e9 \u00e0 soumettre ma candidature pour si\u00e9ger au conseil d'administration d'Inclusion NB en tant que repr\u00e9sentante du Nord-Ouest.<\/p>\n<p>Puisque je suis membre de l'Association d'int\u00e9gration communautaire Edmundston-Madawaska (AICEM), un organisme local affili\u00e9 avec Inclusion NB, je prends de plus en plus conscience de l'importance de travailler pour cr\u00e9er une communaut\u00e9 inclusive.<\/p>\n<p>Au fil du temps, j'apprends \u00e0 conna\u00eetre Inclusion NB et ce que l'organisme accompli sur le terrain. \u00c0 mes yeux, plusieurs r\u00e9alisations d'Inclusion NB m\u00e9ritent d'\u00eatre connues \u00e0 plus grande \u00e9chelle, dont au Nord-Ouest. <\/p>\n<p>De plus, je crois qu'il est important que les associations locales \u2013 qui doivent accomplir beaucoup avec peu \u2013 de m\u00eame que le Nord-Ouest et les francophones puissent \u00eatre pr\u00e9sents ainsi qu'entendus autour de la table du conseil d'administration.<\/p>\n<p>Finalement, je crois que la meilleure fa\u00e7on de faire une diff\u00e9rence est de foncer et d'oser prendre une part active au processus et \u00e0 l'organisation.<\/p>\n<p><strong>Quels sont vos objectifs pendant votre mandat au sein du conseil d'administration?<\/strong><\/p>\n<p>Parmi mes objectifs, on compte notamment le fait de me familiariser avec le fonctionnement d'une organisation de l'envergure d'Inclusion NB, de voir tout ce qui se fait en mati\u00e8re d'inclusion et de repr\u00e9senter la r\u00e9gion du Nord-Ouest.<\/p>\n<p>Le fait d'\u00eatre membre d'une association locale membre d'Inclusion NB fait en sorte que je souhaite d\u00e9velopper une collaboration de fa\u00e7on concr\u00e8te et tisser des liens entre le quartier g\u00e9n\u00e9ral d'Inclusion NB ainsi que les comit\u00e9s qui \u0153uvrent \u00e0 l'\u00e9chelle locale.<\/p>\n<p>\u00c0 mes yeux, il est imp\u00e9ratif que tous doivent travailler dans la m\u00eame direction et partager une vision commune afin de r\u00e9ussir \u00e0 faire une diff\u00e9rence aux quatre coins de la province.<\/p>\n<p><strong>Y a-t-il quelque chose que vous aimeriez mentionner au sujet de votre exp\u00e9rience personnelle, professionnelle ou au sein d'un conseil d'administration?<\/strong><\/p>\n<p>Depuis mon jeune \u00e2ge, j'ai appris \u00e0 respecter les gens ainsi qu'\u00e0 les accepter avec leurs qualit\u00e9s, leurs d\u00e9fauts, leurs barri\u00e8res ou leurs diff\u00e9rences. J'ai \u00e9galement deux cousins qui sont atteints d'un handicap, dont un est d\u00e9c\u00e9d\u00e9 il y a quelques ann\u00e9es. Ces derniers me font r\u00e9aliser que chaque petit geste que l'on fait pour les valoriser et les encourager repr\u00e9sente \u00e9norm\u00e9ment \u00e0 leurs yeux.  <\/p>\n<p>Au fil des ans, que ce soit en tant que journaliste ou b\u00e9n\u00e9vole, j'ai appris \u00e0 me rapprocher de ces personnes et r\u00e9alis\u00e9 qu'elles ont \u00e9galement des int\u00e9r\u00eats, des objectifs ainsi que des r\u00eaves et que, comme toute autre personne, ont besoin d'\u00eatre entour\u00e9es et valoris\u00e9es.<\/p>\n<p>comme toute autre personne, ont besoin d'\u00eatre entour\u00e9es et valoris\u00e9es. <br \/>En plus d'\u00eatre b\u00e9n\u00e9vole dans plusieurs sph\u00e8res, allant de la sant\u00e9 mentale, \u00e0 la musique en passant par l'int\u00e9gration communautaire et la jeunesse, ma carri\u00e8re de journaliste, qui se poursuit depuis plus de 25 ans, contribue \u00e0 maintenir une ouverture d'esprit et une passion de c\u00f4toyer des gens de tous les horizons.<\/p>\n<p>Anim\u00e9e du d\u00e9sir d'apprendre, j'ai et je fais toujours partie de conseils d'administration. Dans l'ensemble, cette exp\u00e9rience me permet de me d\u00e9passer, de d\u00e9velopper des habilet\u00e9s et des comp\u00e9tences ainsi que de collaborer avec des gens passionn\u00e9s et d\u00e9termin\u00e9s \u00e0 faire une diff\u00e9rence dans leur communaut\u00e9. <\/p>\n<p>Bien que certaines exp\u00e9riences de b\u00e9n\u00e9volat aient \u00e9t\u00e9 plus difficiles ou exigeantes, je r\u00e9alise qu'il est toujours possible d'en retirer du positif, qu'il s'agisse d'anecdotes, de connaissances, de liens d'amiti\u00e9 et de le\u00e7ons.<\/p>\n<h2>Marilyn Luscombe<\/h2>\n<p><strong>Que signifie l'inclusion pour vous ?<\/strong><\/p>\n<p>Pour moi, l'inclusion signifie que chacun a un v\u00e9ritable sentiment d'appartenance et la possibilit\u00e9 de r\u00e9aliser son potentiel. Toutes les personnes font partie int\u00e9grante de nos communaut\u00e9s et nous veillons \u00e0 leur apporter tout le soutien possible. <\/p>\n<p><strong>What motivated you to join the board?<\/strong><\/p>\n<p>Ma famille \u0153uvre au sein du mouvement pour l'inclusion depuis que je suis toute petite, et je fais partie d'une fratrie de trois enfants, dont deux sont n\u00e9s avec un handicap intellectuel et d\u00e9veloppemental. J'ai essay\u00e9 d'int\u00e9grer l'inclusion dans mon r\u00f4le de leader au sein du mouvement des coll\u00e8ges canadiens, et la d\u00e9cision de me joindre au conseil d'administration m'a sembl\u00e9 \u00eatre un choix naturel pour aider \u00e0 changer la donne. <\/p>\n<p><strong>Quels sont vos objectifs pendant votre mandat au sein du conseil d'administration?<\/strong><\/p>\n<p>Il s'agit de ma derni\u00e8re ann\u00e9e au sein du conseil d'administration et j'esp\u00e8re avoir contribu\u00e9, dans une petite mesure, \u00e0 l'\u00e9laboration de politiques et de pratiques de gouvernance pour permettre \u00e0 notre conseil d'\u00eatre un leader dans le mouvement d'inclusion au Nouveau-Brunswick.<\/p>\n<p><strong>Y a-t-il quelque chose que vous aimeriez mentionner au sujet de votre exp\u00e9rience personnelle, professionnelle ou au sein d'un conseil d'administration?<\/strong><\/p>\n<p>J'ai eu une m\u00e8re incroyablement forte qui a fait preuve de force, de gr\u00e2ce et de r\u00e9silience dans les soins et la d\u00e9fense de ses enfants. Elle a instill\u00e9 l'inclusion dans mon esprit et dans mon c\u0153ur, et elle \u00e9tait une militante en avance sur son temps. J'ai rencontr\u00e9 de nombreuses personnes merveilleuses pendant ce parcours qui ont ouvert la voie, et d'autres encore qui continueront \u00e0 la tracer. Faisons en sorte de braquer le projecteur sur ces personnes.   <\/p>\n<\/div><div class=\"fusion-separator fusion-full-width-sep\" style=\"align-self: center;margin-left: auto;margin-right: auto;width:100%;\"><div class=\"fusion-separator-border sep-double\" style=\"--awb-height:20px;--awb-amount:20px;--awb-sep-color:var(--awb-color1);border-color:var(--awb-color1);border-top-width:20px;border-bottom-width:20px;\"><\/div><\/div><div ><a class=\"fusion-button button-flat fusion-button-default-size button-default fusion-button-default button-1 fusion-button-default-span fusion-button-default-type\" target=\"_self\" href=\"https:\/\/www.inclusionnb.ca\/fr\/notre-mouvement\/\"><span class=\"fusion-button-text awb-button__text awb-button__text--default\">Retour au blog<\/span><\/a><\/div><div class=\"fusion-separator fusion-full-width-sep\" style=\"align-self: center;margin-left: auto;margin-right: auto;width:100%;\"><div class=\"fusion-separator-border sep-double\" style=\"--awb-height:20px;--awb-amount:20px;--awb-sep-color:var(--awb-color1);border-color:var(--awb-color1);border-top-width:20px;border-bottom-width:20px;\"><\/div><\/div><\/div><\/div><\/div><\/div>\n","protected":false},"excerpt":{"rendered":"","protected":false},"author":2,"featured_media":2278,"comment_status":"closed","ping_status":"open","sticky":false,"template":"","format":"standard","meta":{"_monsterinsights_skip_tracking":false,"_monsterinsights_sitenote_active":false,"_monsterinsights_sitenote_note":"","_monsterinsights_sitenote_category":0,"footnotes":""},"categories":[14],"tags":[],"class_list":["post-2276","post","type-post","status-publish","format-standard","has-post-thumbnail","hentry","category-non-classifiee"],"yoast_head":"<!-- This site is optimized with the Yoast SEO plugin v27.5 - https:\/\/yoast.com\/product\/yoast-seo-wordpress\/ -->\n<title>Semaine du b\u00e9n\u00e9volat 2026 - D\u00e9couvrez notre conseil d&#039;administration - Inclusion NB<\/title>\n<meta name=\"robots\" content=\"index, follow, max-snippet:-1, max-image-preview:large, max-video-preview:-1\" \/>\n<link rel=\"canonical\" href=\"https:\/\/www.inclusionnb.ca\/fr\/semaine-du-benevolat-2026\/\" \/>\n<meta property=\"og:locale\" content=\"fr_FR\" \/>\n<meta property=\"og:type\" content=\"article\" \/>\n<meta property=\"og:title\" content=\"Semaine du b\u00e9n\u00e9volat 2026 - D\u00e9couvrez notre conseil d&#039;administration - Inclusion NB\" \/>\n<meta property=\"og:url\" content=\"https:\/\/www.inclusionnb.ca\/fr\/semaine-du-benevolat-2026\/\" \/>\n<meta property=\"og:site_name\" content=\"Inclusion NB\" \/>\n<meta property=\"article:publisher\" content=\"http:\/\/facebook.com\/inclusionnb\" \/>\n<meta property=\"article:published_time\" content=\"2026-04-21T14:18:19+00:00\" \/>\n<meta property=\"article:modified_time\" content=\"2026-04-21T14:43:52+00:00\" \/>\n<meta property=\"og:image\" content=\"https:\/\/www.inclusionnb.ca\/wp-content\/uploads\/2026\/04\/Volunteer-week-2026-meet-board-members.png\" \/>\n\t<meta property=\"og:image:width\" content=\"900\" \/>\n\t<meta property=\"og:image:height\" content=\"600\" \/>\n\t<meta property=\"og:image:type\" content=\"image\/png\" \/>\n<meta name=\"author\" content=\"Ariel Dillon\" \/>\n<meta name=\"twitter:card\" content=\"summary_large_image\" \/>\n<meta name=\"twitter:creator\" content=\"@InclusionNB\" \/>\n<meta name=\"twitter:site\" content=\"@InclusionNB\" \/>\n<meta name=\"twitter:label1\" content=\"Written by\" \/>\n\t<meta name=\"twitter:data1\" content=\"Ariel Dillon\" \/>\n\t<meta name=\"twitter:label2\" content=\"Est. reading time\" \/>\n\t<meta name=\"twitter:data2\" content=\"6 minutes\" \/>\n<script type=\"application\/ld+json\" class=\"yoast-schema-graph\">{\"@context\":\"https:\\\/\\\/schema.org\",\"@graph\":[{\"@type\":\"Article\",\"@id\":\"https:\\\/\\\/www.inclusionnb.ca\\\/fr\\\/semaine-du-benevolat-2026\\\/#article\",\"isPartOf\":{\"@id\":\"https:\\\/\\\/www.inclusionnb.ca\\\/fr\\\/semaine-du-benevolat-2026\\\/\"},\"author\":{\"name\":\"Ariel Dillon\",\"@id\":\"https:\\\/\\\/www.inclusionnb.ca\\\/fr\\\/#\\\/schema\\\/person\\\/270b5c0a3bee7cbeab6edae4c4dfb3c1\"},\"headline\":\"Semaine du b\u00e9n\u00e9volat 2026 &#8211; D\u00e9couvrez notre conseil d&#8217;administration\",\"datePublished\":\"2026-04-21T14:18:19+00:00\",\"dateModified\":\"2026-04-21T14:43:52+00:00\",\"mainEntityOfPage\":{\"@id\":\"https:\\\/\\\/www.inclusionnb.ca\\\/fr\\\/semaine-du-benevolat-2026\\\/\"},\"wordCount\":1780,\"publisher\":{\"@id\":\"https:\\\/\\\/www.inclusionnb.ca\\\/fr\\\/#organization\"},\"image\":{\"@id\":\"https:\\\/\\\/www.inclusionnb.ca\\\/fr\\\/semaine-du-benevolat-2026\\\/#primaryimage\"},\"thumbnailUrl\":\"https:\\\/\\\/www.inclusionnb.ca\\\/wp-content\\\/uploads\\\/2026\\\/04\\\/Volunteer-week-2026-meet-board-members.png\",\"articleSection\":[\"Non classifi\u00e9(e)\"],\"inLanguage\":\"fr-FR\"},{\"@type\":\"WebPage\",\"@id\":\"https:\\\/\\\/www.inclusionnb.ca\\\/fr\\\/semaine-du-benevolat-2026\\\/\",\"url\":\"https:\\\/\\\/www.inclusionnb.ca\\\/fr\\\/semaine-du-benevolat-2026\\\/\",\"name\":\"Semaine du b\u00e9n\u00e9volat 2026 - D\u00e9couvrez notre conseil d'administration - Inclusion NB\",\"isPartOf\":{\"@id\":\"https:\\\/\\\/www.inclusionnb.ca\\\/fr\\\/#website\"},\"primaryImageOfPage\":{\"@id\":\"https:\\\/\\\/www.inclusionnb.ca\\\/fr\\\/semaine-du-benevolat-2026\\\/#primaryimage\"},\"image\":{\"@id\":\"https:\\\/\\\/www.inclusionnb.ca\\\/fr\\\/semaine-du-benevolat-2026\\\/#primaryimage\"},\"thumbnailUrl\":\"https:\\\/\\\/www.inclusionnb.ca\\\/wp-content\\\/uploads\\\/2026\\\/04\\\/Volunteer-week-2026-meet-board-members.png\",\"datePublished\":\"2026-04-21T14:18:19+00:00\",\"dateModified\":\"2026-04-21T14:43:52+00:00\",\"breadcrumb\":{\"@id\":\"https:\\\/\\\/www.inclusionnb.ca\\\/fr\\\/semaine-du-benevolat-2026\\\/#breadcrumb\"},\"inLanguage\":\"fr-FR\",\"potentialAction\":[{\"@type\":\"ReadAction\",\"target\":[\"https:\\\/\\\/www.inclusionnb.ca\\\/fr\\\/semaine-du-benevolat-2026\\\/\"]}]},{\"@type\":\"ImageObject\",\"inLanguage\":\"fr-FR\",\"@id\":\"https:\\\/\\\/www.inclusionnb.ca\\\/fr\\\/semaine-du-benevolat-2026\\\/#primaryimage\",\"url\":\"https:\\\/\\\/www.inclusionnb.ca\\\/wp-content\\\/uploads\\\/2026\\\/04\\\/Volunteer-week-2026-meet-board-members.png\",\"contentUrl\":\"https:\\\/\\\/www.inclusionnb.ca\\\/wp-content\\\/uploads\\\/2026\\\/04\\\/Volunteer-week-2026-meet-board-members.png\",\"width\":900,\"height\":600},{\"@type\":\"BreadcrumbList\",\"@id\":\"https:\\\/\\\/www.inclusionnb.ca\\\/fr\\\/semaine-du-benevolat-2026\\\/#breadcrumb\",\"itemListElement\":[{\"@type\":\"ListItem\",\"position\":1,\"name\":\"Home\",\"item\":\"https:\\\/\\\/www.inclusionnb.ca\\\/fr\\\/\"},{\"@type\":\"ListItem\",\"position\":2,\"name\":\"Semaine du b\u00e9n\u00e9volat 2026 &#8211; D\u00e9couvrez notre conseil d&#8217;administration\"}]},{\"@type\":\"WebSite\",\"@id\":\"https:\\\/\\\/www.inclusionnb.ca\\\/fr\\\/#website\",\"url\":\"https:\\\/\\\/www.inclusionnb.ca\\\/fr\\\/\",\"name\":\"Inclusion NB\",\"description\":\"Creating opportunities for people with an intellectual or developmental disability.\",\"publisher\":{\"@id\":\"https:\\\/\\\/www.inclusionnb.ca\\\/fr\\\/#organization\"},\"potentialAction\":[{\"@type\":\"SearchAction\",\"target\":{\"@type\":\"EntryPoint\",\"urlTemplate\":\"https:\\\/\\\/www.inclusionnb.ca\\\/fr\\\/?s={search_term_string}\"},\"query-input\":{\"@type\":\"PropertyValueSpecification\",\"valueRequired\":true,\"valueName\":\"search_term_string\"}}],\"inLanguage\":\"fr-FR\"},{\"@type\":\"Organization\",\"@id\":\"https:\\\/\\\/www.inclusionnb.ca\\\/fr\\\/#organization\",\"name\":\"Inclusion NB\",\"url\":\"https:\\\/\\\/www.inclusionnb.ca\\\/fr\\\/\",\"logo\":{\"@type\":\"ImageObject\",\"inLanguage\":\"fr-FR\",\"@id\":\"https:\\\/\\\/www.inclusionnb.ca\\\/fr\\\/#\\\/schema\\\/logo\\\/image\\\/\",\"url\":\"https:\\\/\\\/www.inclusionnb.ca\\\/wp-content\\\/uploads\\\/2023\\\/05\\\/InclusionNB-logo.svg\",\"contentUrl\":\"https:\\\/\\\/www.inclusionnb.ca\\\/wp-content\\\/uploads\\\/2023\\\/05\\\/InclusionNB-logo.svg\",\"width\":215,\"height\":44,\"caption\":\"Inclusion NB\"},\"image\":{\"@id\":\"https:\\\/\\\/www.inclusionnb.ca\\\/fr\\\/#\\\/schema\\\/logo\\\/image\\\/\"},\"sameAs\":[\"http:\\\/\\\/facebook.com\\\/inclusionnb\",\"https:\\\/\\\/x.com\\\/InclusionNB\",\"https:\\\/\\\/www.instagram.com\\\/inclusionnb\\\/\",\"https:\\\/\\\/www.linkedin.com\\\/company\\\/inclusionnb\"]},{\"@type\":\"Person\",\"@id\":\"https:\\\/\\\/www.inclusionnb.ca\\\/fr\\\/#\\\/schema\\\/person\\\/270b5c0a3bee7cbeab6edae4c4dfb3c1\",\"name\":\"Ariel Dillon\",\"image\":{\"@type\":\"ImageObject\",\"inLanguage\":\"fr-FR\",\"@id\":\"https:\\\/\\\/secure.gravatar.com\\\/avatar\\\/a5773216f1f97887273985da66b978637b977601e483de650568f6c5e2625241?s=96&d=mm&r=g\",\"url\":\"https:\\\/\\\/secure.gravatar.com\\\/avatar\\\/a5773216f1f97887273985da66b978637b977601e483de650568f6c5e2625241?s=96&d=mm&r=g\",\"contentUrl\":\"https:\\\/\\\/secure.gravatar.com\\\/avatar\\\/a5773216f1f97887273985da66b978637b977601e483de650568f6c5e2625241?s=96&d=mm&r=g\",\"caption\":\"Ariel Dillon\"},\"url\":\"https:\\\/\\\/www.inclusionnb.ca\\\/fr\\\/author\\\/adillon\\\/\"}]}<\/script>\n<!-- \/ Yoast SEO plugin. -->","yoast_head_json":{"title":"Semaine du b\u00e9n\u00e9volat 2026 - D\u00e9couvrez notre conseil d'administration - Inclusion NB","robots":{"index":"index","follow":"follow","max-snippet":"max-snippet:-1","max-image-preview":"max-image-preview:large","max-video-preview":"max-video-preview:-1"},"canonical":"https:\/\/www.inclusionnb.ca\/fr\/semaine-du-benevolat-2026\/","og_locale":"fr_FR","og_type":"article","og_title":"Semaine du b\u00e9n\u00e9volat 2026 - D\u00e9couvrez notre conseil d'administration - Inclusion NB","og_url":"https:\/\/www.inclusionnb.ca\/fr\/semaine-du-benevolat-2026\/","og_site_name":"Inclusion NB","article_publisher":"http:\/\/facebook.com\/inclusionnb","article_published_time":"2026-04-21T14:18:19+00:00","article_modified_time":"2026-04-21T14:43:52+00:00","og_image":[{"width":900,"height":600,"url":"https:\/\/www.inclusionnb.ca\/wp-content\/uploads\/2026\/04\/Volunteer-week-2026-meet-board-members.png","type":"image\/png"}],"author":"Ariel Dillon","twitter_card":"summary_large_image","twitter_creator":"@InclusionNB","twitter_site":"@InclusionNB","twitter_misc":{"Written by":"Ariel Dillon","Est. reading time":"6 minutes"},"schema":{"@context":"https:\/\/schema.org","@graph":[{"@type":"Article","@id":"https:\/\/www.inclusionnb.ca\/fr\/semaine-du-benevolat-2026\/#article","isPartOf":{"@id":"https:\/\/www.inclusionnb.ca\/fr\/semaine-du-benevolat-2026\/"},"author":{"name":"Ariel Dillon","@id":"https:\/\/www.inclusionnb.ca\/fr\/#\/schema\/person\/270b5c0a3bee7cbeab6edae4c4dfb3c1"},"headline":"Semaine du b\u00e9n\u00e9volat 2026 &#8211; D\u00e9couvrez notre conseil d&#8217;administration","datePublished":"2026-04-21T14:18:19+00:00","dateModified":"2026-04-21T14:43:52+00:00","mainEntityOfPage":{"@id":"https:\/\/www.inclusionnb.ca\/fr\/semaine-du-benevolat-2026\/"},"wordCount":1780,"publisher":{"@id":"https:\/\/www.inclusionnb.ca\/fr\/#organization"},"image":{"@id":"https:\/\/www.inclusionnb.ca\/fr\/semaine-du-benevolat-2026\/#primaryimage"},"thumbnailUrl":"https:\/\/www.inclusionnb.ca\/wp-content\/uploads\/2026\/04\/Volunteer-week-2026-meet-board-members.png","articleSection":["Non classifi\u00e9(e)"],"inLanguage":"fr-FR"},{"@type":"WebPage","@id":"https:\/\/www.inclusionnb.ca\/fr\/semaine-du-benevolat-2026\/","url":"https:\/\/www.inclusionnb.ca\/fr\/semaine-du-benevolat-2026\/","name":"Semaine du b\u00e9n\u00e9volat 2026 - D\u00e9couvrez notre conseil d'administration - Inclusion NB","isPartOf":{"@id":"https:\/\/www.inclusionnb.ca\/fr\/#website"},"primaryImageOfPage":{"@id":"https:\/\/www.inclusionnb.ca\/fr\/semaine-du-benevolat-2026\/#primaryimage"},"image":{"@id":"https:\/\/www.inclusionnb.ca\/fr\/semaine-du-benevolat-2026\/#primaryimage"},"thumbnailUrl":"https:\/\/www.inclusionnb.ca\/wp-content\/uploads\/2026\/04\/Volunteer-week-2026-meet-board-members.png","datePublished":"2026-04-21T14:18:19+00:00","dateModified":"2026-04-21T14:43:52+00:00","breadcrumb":{"@id":"https:\/\/www.inclusionnb.ca\/fr\/semaine-du-benevolat-2026\/#breadcrumb"},"inLanguage":"fr-FR","potentialAction":[{"@type":"ReadAction","target":["https:\/\/www.inclusionnb.ca\/fr\/semaine-du-benevolat-2026\/"]}]},{"@type":"ImageObject","inLanguage":"fr-FR","@id":"https:\/\/www.inclusionnb.ca\/fr\/semaine-du-benevolat-2026\/#primaryimage","url":"https:\/\/www.inclusionnb.ca\/wp-content\/uploads\/2026\/04\/Volunteer-week-2026-meet-board-members.png","contentUrl":"https:\/\/www.inclusionnb.ca\/wp-content\/uploads\/2026\/04\/Volunteer-week-2026-meet-board-members.png","width":900,"height":600},{"@type":"BreadcrumbList","@id":"https:\/\/www.inclusionnb.ca\/fr\/semaine-du-benevolat-2026\/#breadcrumb","itemListElement":[{"@type":"ListItem","position":1,"name":"Home","item":"https:\/\/www.inclusionnb.ca\/fr\/"},{"@type":"ListItem","position":2,"name":"Semaine du b\u00e9n\u00e9volat 2026 &#8211; D\u00e9couvrez notre conseil d&#8217;administration"}]},{"@type":"WebSite","@id":"https:\/\/www.inclusionnb.ca\/fr\/#website","url":"https:\/\/www.inclusionnb.ca\/fr\/","name":"Inclusion NB","description":"Creating opportunities for people with an intellectual or developmental disability.","publisher":{"@id":"https:\/\/www.inclusionnb.ca\/fr\/#organization"},"potentialAction":[{"@type":"SearchAction","target":{"@type":"EntryPoint","urlTemplate":"https:\/\/www.inclusionnb.ca\/fr\/?s={search_term_string}"},"query-input":{"@type":"PropertyValueSpecification","valueRequired":true,"valueName":"search_term_string"}}],"inLanguage":"fr-FR"},{"@type":"Organization","@id":"https:\/\/www.inclusionnb.ca\/fr\/#organization","name":"Inclusion NB","url":"https:\/\/www.inclusionnb.ca\/fr\/","logo":{"@type":"ImageObject","inLanguage":"fr-FR","@id":"https:\/\/www.inclusionnb.ca\/fr\/#\/schema\/logo\/image\/","url":"https:\/\/www.inclusionnb.ca\/wp-content\/uploads\/2023\/05\/InclusionNB-logo.svg","contentUrl":"https:\/\/www.inclusionnb.ca\/wp-content\/uploads\/2023\/05\/InclusionNB-logo.svg","width":215,"height":44,"caption":"Inclusion NB"},"image":{"@id":"https:\/\/www.inclusionnb.ca\/fr\/#\/schema\/logo\/image\/"},"sameAs":["http:\/\/facebook.com\/inclusionnb","https:\/\/x.com\/InclusionNB","https:\/\/www.instagram.com\/inclusionnb\/","https:\/\/www.linkedin.com\/company\/inclusionnb"]},{"@type":"Person","@id":"https:\/\/www.inclusionnb.ca\/fr\/#\/schema\/person\/270b5c0a3bee7cbeab6edae4c4dfb3c1","name":"Ariel Dillon","image":{"@type":"ImageObject","inLanguage":"fr-FR","@id":"https:\/\/secure.gravatar.com\/avatar\/a5773216f1f97887273985da66b978637b977601e483de650568f6c5e2625241?s=96&d=mm&r=g","url":"https:\/\/secure.gravatar.com\/avatar\/a5773216f1f97887273985da66b978637b977601e483de650568f6c5e2625241?s=96&d=mm&r=g","contentUrl":"https:\/\/secure.gravatar.com\/avatar\/a5773216f1f97887273985da66b978637b977601e483de650568f6c5e2625241?s=96&d=mm&r=g","caption":"Ariel Dillon"},"url":"https:\/\/www.inclusionnb.ca\/fr\/author\/adillon\/"}]}},"_links":{"self":[{"href":"https:\/\/www.inclusionnb.ca\/fr\/wp-json\/wp\/v2\/posts\/2276","targetHints":{"allow":["GET"]}}],"collection":[{"href":"https:\/\/www.inclusionnb.ca\/fr\/wp-json\/wp\/v2\/posts"}],"about":[{"href":"https:\/\/www.inclusionnb.ca\/fr\/wp-json\/wp\/v2\/types\/post"}],"author":[{"embeddable":true,"href":"https:\/\/www.inclusionnb.ca\/fr\/wp-json\/wp\/v2\/users\/2"}],"replies":[{"embeddable":true,"href":"https:\/\/www.inclusionnb.ca\/fr\/wp-json\/wp\/v2\/comments?post=2276"}],"version-history":[{"count":0,"href":"https:\/\/www.inclusionnb.ca\/fr\/wp-json\/wp\/v2\/posts\/2276\/revisions"}],"wp:featuredmedia":[{"embeddable":true,"href":"https:\/\/www.inclusionnb.ca\/fr\/wp-json\/wp\/v2\/media\/2278"}],"wp:attachment":[{"href":"https:\/\/www.inclusionnb.ca\/fr\/wp-json\/wp\/v2\/media?parent=2276"}],"wp:term":[{"taxonomy":"category","embeddable":true,"href":"https:\/\/www.inclusionnb.ca\/fr\/wp-json\/wp\/v2\/categories?post=2276"},{"taxonomy":"post_tag","embeddable":true,"href":"https:\/\/www.inclusionnb.ca\/fr\/wp-json\/wp\/v2\/tags?post=2276"}],"curies":[{"name":"wp","href":"https:\/\/api.w.org\/{rel}","templated":true}]}}